{"id":82769,"date":"2006-01-04T23:59:11","date_gmt":"2006-01-04T22:59:11","guid":{"rendered":"https:\/\/mediarun.com\/index.php\/news-posts\/bogdan-rymanowski-zaprzecza\/"},"modified":"2006-01-04T23:59:11","modified_gmt":"2006-01-04T22:59:11","slug":"bogdan-rymanowski-zaprzecza","status":"publish","type":"post","link":"https:\/\/mediarun.com\/pl\/media\/tv\/bogdan-rymanowski-zaprzecza.html","title":{"rendered":"Bogdan Rymanowski zaprzecza"},"content":{"rendered":"<p>Spekulacje wielu medi\u00f3w o rych\u0142ych zmianach w serwisach informacyjnych TVP wydaj\u0105 si\u0119 by\u0107 przedwczesne. Par\u0119 dni temu rzecznik prasowy telewizji publicznej Jaros\u0142aw Szczepa\u0144ski uci\u0105\u0142 spekulacje dotycz\u0105ce ewentualnego rozwi\u0105zania kontraktu z Kamilem Durczokiem. Sk\u0142ad nowego zarz\u0105du i rady nadzorczej Telewizji Polskiej prawdopodobnie zostanie zmieniony w kwietniu. Rz\u0105dz\u0105cy PiS najpierw musi upora\u0107 si\u0119 z wybraniem cz\u0142onk\u00f3w do nowej KRRiT , kt\u00f3ra w pierwszej kolejno\u015bci b\u0119dzie musia\u0142a zaj\u0105\u0107 si\u0119 rutynowymi procedurami koncesyjnymi. Na koncesje satelitarne czekaj\u0105 TVP Rozrywka, TVP Sport i nowy kana\u0142 tematyczny kojarzony z Micha\u0142em Figurskim &#8211; TV Nieruchomo\u015bci. Obecny brak regulatora rynku medialnego nie pozwala im na rozpocz\u0119cie emisji.<\/p>\n<p>Jednym z g\u0142\u00f3wnych zada\u0144 nowej KRRiT b\u0119dzie te\u017c cyfrowy proces koncesyjny, kt\u00f3ry w wyniku prac nad nowelizacj\u0105 ustawy o rtv &#8211; zosta\u0142 wstrzymany. Komisja Europejska oczekuje od wszystkich cz\u0142onk\u00f3w Unii szybkiego przeprowadzenia cyfryzacji, czyli przej\u015bcia na naziemne nadawanie cyfrowe. Dotychczas polskie w\u0142adze zapewnia\u0142y, \u017ce ostatnie analogowe nadajniki zostan\u0105 wy\u0142\u0105czone w 2015 r. Unia Europejska chce, aby nast\u0105pi\u0142o to jeszcze w 2012 r. By\u0107 mo\u017ce wzorem Hiszpanii doczekamy si\u0119 przyspieszenia procesu. Wszystko w r\u0119kach rz\u0105du i od\u015bwie\u017conej KRRiT. <\/p>\n<p>Przed nowym regulatorem rynku medialnego du\u017co pracy. O tym, czy priorytetem nowej Rady b\u0119d\u0105 zmiany w mediach publicznych, mo\u017ce zdecydowa\u0107 aktualna sytuacja polityczna. Dla PiS-u sprawa nabierze wagi, gdy konieczno\u015bci\u0105 b\u0119dzie przeprowadzenie wcze\u015bniejszych wybor\u00f3w parlamentarnych. Tymczasem nie ustaje kwestionowanie niezale\u017cno\u015bci Telewizji Polskiej. Obiektem krytki rzecznika rz\u0105du sta\u0142 si\u0119 Miko\u0142aj Kunica. W PiS-ie i w\u015br\u00f3d jego zwolennik\u00f3w nie brakuje opinii, jakoby TVP nierzetelnie realacjonowa\u0142a przebieg kampanii wyborczej. <\/p>\n<p>W Internecie z kolei nie s\u0142abnie krytyka pod adresem czo\u0142owych dziennikarzy. Pod ostrza\u0142 trafi\u0142 nie tylko Kamil Durczok, ale i Tomasz Lis. Prowadz\u0105cy<br \/>\n&#8222;Co z t\u0105 Polsk\u0105?&#8221; nie ukrywa rozczarowania wobec fiaska plan\u00f3w powstania koalicji PO-PiS. &#8211; &#8222;Lustereczko, powiedz przecie, \u017ce PiS jest najpi\u0119kniejszy na \u015bwiecie&#8221;. Lustereczko s\u0142yszy i milczy. Przegl\u0105daj\u0105cy si\u0119 w lustereczku jest skonsternowany. Sk\u0105d to milczenie? Co robi\u0107? Mo\u017cna p\u00f3j\u015b\u0107 do kosmetyczki albo mi\u0142o si\u0119 u\u015bmiechn\u0105\u0107, by lustereczko powiedzia\u0142o to, co chce si\u0119 od niego us\u0142ysze\u0107. Mo\u017cna te\u017c lustereczko rozbi\u0107 i wymieni\u0107 na nowe. I w\u0142a\u015bnie to postanowi\u0142o zrobi\u0107 PiS z publicznymi mediami. &#8211; pisze Tomasz Lis w komentarzu dla gazet lokalnych Polskapresse. &#8211; PiS i Platforma poszybowa\u0142y w sonda\u017cach, a miliony Polak\u00f3w, ja w\u015br\u00f3d nich uwierzy\u0142y, \u017ce nast\u0119pcy postkomunist\u00f3w naucz\u0105 si\u0119 czego\u015b na ich b\u0142\u0119dach &#8211; czytamy w komentarzu Lisa. <\/p>\n<p>Postrzeganie obiektywno\u015bci dziennikarzy idzie w parze z aktualn\u0105 koniunktur\u0105 polityczn\u0105. W naszej ankiecie na razie prowadzi Bogdan Rymanowski, by\u0142y dziennikarz TVP z czas\u00f3w prezesa Walendziaka. Niedaleko za prezenterem &#8222;Fakt\u00f3w&#8221; tw\u00f3rca ich sukcesu &#8211; Tomasz Lis. Nieco gorzej wypadaj\u0105 Monika Olejnik i Jan Pospieszalski. <\/p>\n","protected":false},"excerpt":{"rendered":"Bogdan Rymanowski, jak na razie postrzegany przez naszych czytelnik\u00f3w jako najbardziej obiektywny spo\u015br\u00f3d dziennikarzy informacyjnych zaprzecza doniesieniom tabloidu, kt\u00f3ry zasugerowa\u0142, \u017ce mo\u017ce zast\u0105pi\u0107 Kamila Durczoka w &#8222;Wiadomo\u015bciach&#8221; TVP. &#8211; Informacje &#8222;Faktu&#8221; to tylko pog\u0142oski &#8211; zdradzi\u0142 portalowi MediaLink prezenter sztandarowego programu informacyjnego TVN.","protected":false},"author":1,"featured_media":82770,"comment_status":"open","ping_status":"closed","sticky":false,"template":"","format":"standard","meta":{"csco_display_header_overlay":false,"csco_singular_sidebar":"","csco_page_header_type":"","csco_page_load_nextpost":"","csco_post_video_location":[],"csco_post_video_location_hash":"","csco_post_video_url":"","csco_post_video_bg_start_time":0,"csco_post_video_bg_end_time":0,"footnotes":""},"categories":[9670],"tags":[],"class_list":{"0":"post-82769","1":"post","2":"type-post","3":"status-publish","4":"format-standard","5":"has-post-thumbnail","7":"category-tv","8":"cs-entry","9":"cs-video-wrap"},"_links":{"self":[{"href":"https:\/\/mediarun.com\/pl\/wp-json\/wp\/v2\/posts\/82769","targetHints":{"allow":["GET"]}}],"collection":[{"href":"https:\/\/mediarun.com\/pl\/wp-json\/wp\/v2\/posts"}],"about":[{"href":"https:\/\/mediarun.com\/pl\/wp-json\/wp\/v2\/types\/post"}],"author":[{"embeddable":true,"href":"https:\/\/mediarun.com\/pl\/wp-json\/wp\/v2\/users\/1"}],"replies":[{"embeddable":true,"href":"https:\/\/mediarun.com\/pl\/wp-json\/wp\/v2\/comments?post=82769"}],"version-history":[{"count":0,"href":"https:\/\/mediarun.com\/pl\/wp-json\/wp\/v2\/posts\/82769\/revisions"}],"wp:featuredmedia":[{"embeddable":true,"href":"https:\/\/mediarun.com\/pl\/wp-json\/wp\/v2\/media\/82770"}],"wp:attachment":[{"href":"https:\/\/mediarun.com\/pl\/wp-json\/wp\/v2\/media?parent=82769"}],"wp:term":[{"taxonomy":"category","embeddable":true,"href":"https:\/\/mediarun.com\/pl\/wp-json\/wp\/v2\/categories?post=82769"},{"taxonomy":"post_tag","embeddable":true,"href":"https:\/\/mediarun.com\/pl\/wp-json\/wp\/v2\/tags?post=82769"}],"curies":[{"name":"wp","href":"https:\/\/api.w.org\/{rel}","templated":true}]}}