{"id":82763,"date":"2006-01-05T01:04:33","date_gmt":"2006-01-05T00:04:33","guid":{"rendered":"https:\/\/mediarun.com\/index.php\/news-posts\/zmiany-w-strukturze-vectry\/"},"modified":"2006-01-05T01:04:33","modified_gmt":"2006-01-05T00:04:33","slug":"zmiany-w-strukturze-vectry","status":"publish","type":"post","link":"https:\/\/mediarun.com\/pl\/media\/tv\/zmiany-w-strukturze-vectry.html","title":{"rendered":"Zmiany w strukturze Vectry"},"content":{"rendered":"<p>Wzmocniona w ten spos\u00f3b Vectra SA koordynuje strategi\u0119 funkcjonowania ca\u0142ej Grupy oraz odpowiada za dostarczanie abonentom oferowanych przez ni\u0105 us\u0142ug. Zmiany w strukturze maj\u0105 na celu dostosowanie jej do dynamicznego rozwoju Vectry i bardziej efektywne wykorzystanie potencja\u0142u ca\u0142ej organizacji.<\/p>\n<p> &#8222;Nasza strategia zak\u0142ada systematyczny rozw\u00f3j, realizowany mi\u0119dzy innymi poprzez wdra\u017canie nowych technologii umo\u017cliwiaj\u0105cych wprowadzenie kolejnych i uatrakcyjnianie funkcjonalno\u015bci obecnie \u015bwiadczonych us\u0142ug. Uproszczenie struktury korporacyjnej Grupy i towarzysz\u0105ca temu modyfikacja funkcjonalno&#8211;organizacyjna stanowi\u0105 wzmocnienie i dostosowanie naszej firmy do wyznaczonych cel\u00f3w biznesowych. Nazw\u0105 po\u0142\u0105czonej sp\u00f3\u0142ki b\u0119dzie Vectra. Tym samym pozbywamy si\u0119 cz\u0142onu dotycz\u0105cego telewizji kablowej, kt\u00f3ry m\u00f3g\u0142 sugerowa\u0107 w\u0105ski zakres \u015bwiadczonych us\u0142ug &#8211; nieadekwatny do stanu aktualnego, a tym bardziej do naszych plan\u00f3w&#8221; &#8211; m\u00f3wi Tomasz \u017bura\u0144ski, prezes Vectra SA.<\/p>\n<p>Grupa Vectra dzia\u0142a na rynku od 1991 roku. Dostarcza pakiety program\u00f3w telewizyjnych, w tym niezale\u017cnych telewizji lokalnych, radiowych oraz zapewnia szerokopasmowy dost\u0119p do sieci Internet. Ponadto, \u015bwiadczy us\u0142ugi telefonii stacjonarnej opartej na technologii cyfrowej. Operator obejmuje swoim zasi\u0119giem 114 miast i dostarcza swoje us\u0142ugi 620 tys. klient\u00f3w. <\/p>\n<p>Grupa Vectra zamierza zainwestowa\u0107 w 2006 r. 55-60 mln z\u0142 w rozw\u00f3j sieci oraz poszerzenie zasi\u0119gu us\u0142ug, szczeg\u00f3lnie szerokopasmowego dost\u0119pu do Internetu Vectranet oraz telefonii stacjonarnej opartej na technologii cyfrowej &#8211; Vectratel. Planuje tak\u017ce uruchamianie innych us\u0142ug zwi\u0105zanych z komunikacj\u0105 elektroniczn\u0105, w <\/p>\n<p>tym telewizji cyfrowej oraz us\u0142ug interaktywnych, takich jak video on demand, pay per view, video digital recording.<\/p>\n","protected":false},"excerpt":{"rendered":"Grupa Vectra, drugi co do wielko\u015bci operator kablowy w Polsce, upro\u015bci\u0142a struktur\u0119 organizacyjn\u0105 poprzez po\u0142\u0105czenie Vectra SA, sp\u00f3\u0142ki-matki w Grupie, z Telewizj\u0105 Kablow\u0105 Vectra SA.","protected":false},"author":1,"featured_media":0,"comment_status":"open","ping_status":"closed","sticky":false,"template":"","format":"standard","meta":{"csco_display_header_overlay":false,"csco_singular_sidebar":"","csco_page_header_type":"","csco_page_load_nextpost":"","csco_post_video_location":[],"csco_post_video_location_hash":"","csco_post_video_url":"","csco_post_video_bg_start_time":0,"csco_post_video_bg_end_time":0,"footnotes":""},"categories":[9670],"tags":[],"class_list":{"0":"post-82763","1":"post","2":"type-post","3":"status-publish","4":"format-standard","6":"category-tv","7":"cs-entry","8":"cs-video-wrap"},"_links":{"self":[{"href":"https:\/\/mediarun.com\/pl\/wp-json\/wp\/v2\/posts\/82763","targetHints":{"allow":["GET"]}}],"collection":[{"href":"https:\/\/mediarun.com\/pl\/wp-json\/wp\/v2\/posts"}],"about":[{"href":"https:\/\/mediarun.com\/pl\/wp-json\/wp\/v2\/types\/post"}],"author":[{"embeddable":true,"href":"https:\/\/mediarun.com\/pl\/wp-json\/wp\/v2\/users\/1"}],"replies":[{"embeddable":true,"href":"https:\/\/mediarun.com\/pl\/wp-json\/wp\/v2\/comments?post=82763"}],"version-history":[{"count":0,"href":"https:\/\/mediarun.com\/pl\/wp-json\/wp\/v2\/posts\/82763\/revisions"}],"wp:attachment":[{"href":"https:\/\/mediarun.com\/pl\/wp-json\/wp\/v2\/media?parent=82763"}],"wp:term":[{"taxonomy":"category","embeddable":true,"href":"https:\/\/mediarun.com\/pl\/wp-json\/wp\/v2\/categories?post=82763"},{"taxonomy":"post_tag","embeddable":true,"href":"https:\/\/mediarun.com\/pl\/wp-json\/wp\/v2\/tags?post=82763"}],"curies":[{"name":"wp","href":"https:\/\/api.w.org\/{rel}","templated":true}]}}