{"id":82740,"date":"2006-01-05T06:00:00","date_gmt":"2006-01-05T05:00:00","guid":{"rendered":"https:\/\/mediarun.com\/index.php\/news-posts\/google-polska-prawie-w-komplecie\/"},"modified":"2006-01-05T06:00:00","modified_gmt":"2006-01-05T05:00:00","slug":"google-polska-prawie-w-komplecie","status":"publish","type":"post","link":"https:\/\/mediarun.com\/pl\/ludzie\/awanse\/google-polska-prawie-w-komplecie.html","title":{"rendered":"Google Polska (prawie) w komplecie"},"content":{"rendered":"<p><P>z portalem Onet.pl, do zespo\u0142u Google Polska do\u0142\u0105czy\u0142 r\u00f3wnie\u017c Adam Kwa\u015bniewski, by\u0142y Dyrektor Zarz\u0105dzaj\u0105cy sieci reklamowej Ad.net.<\/P><br \/>\n<P>&#8211; Obaj z Adamem mamy nadziej\u0119 nawi\u0105za\u0107 partnersk\u0105 wsp\u00f3\u0142prac\u0119 z wydawcami, reklamodawcami i agencjami z ca\u0142ej Polski, aby uwolni\u0107 ogromny potencja\u0142 jaki tkwi w tutejszym rynku internetowym. Chcemy r\u00f3wnie\u017c dopasowywa\u0107 kolejne produkty Google do potrzeb polskich u\u017cytkownik\u00f3w&nbsp;&#8211; powiedzia\u0142 Artur Waliszewski.<\/P><br \/>\n<P>Docelowo warszawskie biuro b\u0119dzie liczy\u0107 od kilku do kilkunastu os\u00f3b. Poniewa\u017c nadal prowadzona jest rekrutacja, Google odchodzi narazie od oficjalnego podzia\u0142u stanowisk. <\/P><br \/>\n<P>&#8211; Od pocz\u0105tku chcieli\u015bmy do naszego projektu pozyska\u0107 wysoko wykwalifikowanych specjalist\u00f3w, znakomicie znaj\u0105cych polski rynek i jego specyfik\u0119. Dlatego te\u017c ogromnie si\u0119 ciesz\u0119, \u017ce Artur i Adam do\u0142\u0105czyli do naszego zespo\u0142u&nbsp;&#8211; powiedzia\u0142 Nikesh Arora, wiceprezes d.s. operacyjnych Google Inc. na Europ\u0119. <\/P><br \/>\n<P>Informacje o rekrutacji mo\u017cna znale\u017a\u0107 na stronie&nbsp;<A href=\"http:\/\/www.google.com\/jobs\/international.html#poland\">http:\/\/www.google.com\/jobs\/international.html#poland<\/A>.<\/P><\/p>\n","protected":false},"excerpt":{"rendered":"Google oficjalnie potwierdzi\u0142o powo\u0142anie Artura Waliszewskiego na stanowisko Dyrektora Google Polska. Razem z Waliszewskim, do niedawna zwi\u0105zanym&#8230;","protected":false},"author":1,"featured_media":82741,"comment_status":"open","ping_status":"closed","sticky":false,"template":"","format":"standard","meta":{"csco_display_header_overlay":false,"csco_singular_sidebar":"","csco_page_header_type":"","csco_page_load_nextpost":"","csco_post_video_location":[],"csco_post_video_location_hash":"","csco_post_video_url":"","csco_post_video_bg_start_time":0,"csco_post_video_bg_end_time":0,"footnotes":""},"categories":[9678],"tags":[],"class_list":{"0":"post-82740","1":"post","2":"type-post","3":"status-publish","4":"format-standard","5":"has-post-thumbnail","7":"category-awanse","8":"cs-entry","9":"cs-video-wrap"},"_links":{"self":[{"href":"https:\/\/mediarun.com\/pl\/wp-json\/wp\/v2\/posts\/82740","targetHints":{"allow":["GET"]}}],"collection":[{"href":"https:\/\/mediarun.com\/pl\/wp-json\/wp\/v2\/posts"}],"about":[{"href":"https:\/\/mediarun.com\/pl\/wp-json\/wp\/v2\/types\/post"}],"author":[{"embeddable":true,"href":"https:\/\/mediarun.com\/pl\/wp-json\/wp\/v2\/users\/1"}],"replies":[{"embeddable":true,"href":"https:\/\/mediarun.com\/pl\/wp-json\/wp\/v2\/comments?post=82740"}],"version-history":[{"count":0,"href":"https:\/\/mediarun.com\/pl\/wp-json\/wp\/v2\/posts\/82740\/revisions"}],"wp:featuredmedia":[{"embeddable":true,"href":"https:\/\/mediarun.com\/pl\/wp-json\/wp\/v2\/media\/82741"}],"wp:attachment":[{"href":"https:\/\/mediarun.com\/pl\/wp-json\/wp\/v2\/media?parent=82740"}],"wp:term":[{"taxonomy":"category","embeddable":true,"href":"https:\/\/mediarun.com\/pl\/wp-json\/wp\/v2\/categories?post=82740"},{"taxonomy":"post_tag","embeddable":true,"href":"https:\/\/mediarun.com\/pl\/wp-json\/wp\/v2\/tags?post=82740"}],"curies":[{"name":"wp","href":"https:\/\/api.w.org\/{rel}","templated":true}]}}