{"id":82738,"date":"2006-01-05T06:00:00","date_gmt":"2006-01-05T05:00:00","guid":{"rendered":"https:\/\/mediarun.com\/index.php\/news-posts\/zmiany-kadrowe-w-acxiom-corporation\/"},"modified":"2006-01-05T06:00:00","modified_gmt":"2006-01-05T05:00:00","slug":"zmiany-kadrowe-w-acxiom-corporation","status":"publish","type":"post","link":"https:\/\/mediarun.com\/pl\/ludzie\/awanse\/zmiany-kadrowe-w-acxiom-corporation.html","title":{"rendered":"Zmiany kadrowe w Acxiom Corporation"},"content":{"rendered":"<p><P>z siedzib\u0105 w Londynie. <\/P><br \/>\n<P>Kuwa\u0142ek poprzednio pe\u0142ni\u0142 funkcj\u0119 Dyrektora Zarz\u0105dzaj\u0105cego Acxiom w regionie Azja-Pacyfik z central\u0105 w Tokio. Jest tak\u017ce za\u0142o\u017cycielem warszawskiego oddzia\u0142u Acxiom, kt\u00f3rym jako Prezes kierowa\u0142 przez 7 lat. <\/P><br \/>\n<P>G\u0142\u00f3wnym zadaniem powo\u0142anego Dyrektora Zarz\u0105dzaj\u0105cego b\u0119dzie wprowadzenie na rynek europejski us\u0142ug \u015bwiadczonych przez IMSO oraz ich integracja z ca\u0142o\u015bciow\u0105 ofert\u0105 Acxiom. <BR><\/P><\/p>\n","protected":false},"excerpt":{"rendered":"Krzysztof Kuwa\u0142ek obj\u0105\u0142 stanowisko Dyrektora Zarz\u0105dzaj\u0105cego Acxiom IMSO Europe (Integrated Marketing Services Organisation)&#8230;","protected":false},"author":1,"featured_media":82739,"comment_status":"open","ping_status":"closed","sticky":false,"template":"","format":"standard","meta":{"csco_display_header_overlay":false,"csco_singular_sidebar":"","csco_page_header_type":"","csco_page_load_nextpost":"","csco_post_video_location":[],"csco_post_video_location_hash":"","csco_post_video_url":"","csco_post_video_bg_start_time":0,"csco_post_video_bg_end_time":0,"footnotes":""},"categories":[9678],"tags":[],"class_list":{"0":"post-82738","1":"post","2":"type-post","3":"status-publish","4":"format-standard","5":"has-post-thumbnail","7":"category-awanse","8":"cs-entry","9":"cs-video-wrap"},"_links":{"self":[{"href":"https:\/\/mediarun.com\/pl\/wp-json\/wp\/v2\/posts\/82738","targetHints":{"allow":["GET"]}}],"collection":[{"href":"https:\/\/mediarun.com\/pl\/wp-json\/wp\/v2\/posts"}],"about":[{"href":"https:\/\/mediarun.com\/pl\/wp-json\/wp\/v2\/types\/post"}],"author":[{"embeddable":true,"href":"https:\/\/mediarun.com\/pl\/wp-json\/wp\/v2\/users\/1"}],"replies":[{"embeddable":true,"href":"https:\/\/mediarun.com\/pl\/wp-json\/wp\/v2\/comments?post=82738"}],"version-history":[{"count":0,"href":"https:\/\/mediarun.com\/pl\/wp-json\/wp\/v2\/posts\/82738\/revisions"}],"wp:featuredmedia":[{"embeddable":true,"href":"https:\/\/mediarun.com\/pl\/wp-json\/wp\/v2\/media\/82739"}],"wp:attachment":[{"href":"https:\/\/mediarun.com\/pl\/wp-json\/wp\/v2\/media?parent=82738"}],"wp:term":[{"taxonomy":"category","embeddable":true,"href":"https:\/\/mediarun.com\/pl\/wp-json\/wp\/v2\/categories?post=82738"},{"taxonomy":"post_tag","embeddable":true,"href":"https:\/\/mediarun.com\/pl\/wp-json\/wp\/v2\/tags?post=82738"}],"curies":[{"name":"wp","href":"https:\/\/api.w.org\/{rel}","templated":true}]}}