{"id":82718,"date":"2006-01-05T16:34:20","date_gmt":"2006-01-05T15:34:20","guid":{"rendered":"https:\/\/mediarun.com\/index.php\/news-posts\/drugie-spotkanie-dialog-pr\/"},"modified":"2006-01-05T16:34:20","modified_gmt":"2006-01-05T15:34:20","slug":"drugie-spotkanie-dialog-pr","status":"publish","type":"post","link":"https:\/\/mediarun.com\/pl\/trendy\/branding\/drugie-spotkanie-dialog-pr.html","title":{"rendered":"Drugie spotkanie Dialog PR"},"content":{"rendered":"<p>Podczas drugiego panelu zostan\u0105 przedstawione studia przypadk\u00f3w firm Orange i Vattenfall dotycz\u0105ce komunikacji w procesie zmian wizerunkowych.<\/p>\n<p>Podczas pierwszej cz\u0119\u015bci styczniowego spotkania Dialog PR Gerald Abramczyk, Natalia de Barbaro, Wies\u0142aw Ga\u0142\u0105zka i Adam \u0141aszyn zastanowi\u0105 si\u0119, czy marketing polityczny to public relations. Rozwa\u017c\u0105 tak\u017ce, w jaki spos\u00f3b powszechnie u\u017cywane podczas kampanii wyborczych sformu\u0142owanie &#8222;czarny PR&#8221; wp\u0142ywa na postrzeganie bran\u017cy public relations. Dyskusj\u0119 b\u0119dzie moderowa\u0142 dr Wojciech Jab\u0142o\u0144ski. <\/p>\n<p>W drugiej cz\u0119\u015bci zapoznamy si\u0119 z prezentacjami Arkadiusza Kalickiego (Orange) oraz \u0141ukasza Zimnocha (Vattenfall) omawiaj\u0105cych dzia\u0142ania komunikacyjne w procesie rebrandingu. Ich dyskusj\u0119 b\u0119dzie moderowa\u0142a Izabela Mo\u015bcicka (Kulczyk Holding).<\/p>\n<p>Informacje na temat panelist\u00f3w oraz szczeg\u00f3\u0142y dotycz\u0105ce spotkania znajduj\u0105 si\u0119 na stronie www.proto.pl\/DialogPR <\/p>\n<p>Celem cyklu spotka\u0144 Dialog PR jest skupienie uwagi \u015brodowiska public relations w Polsce na bie\u017c\u0105cych wydarzeniach, istotnych dla rozwoju i edukacji bran\u017cy. Pragniemy stworzy\u0107 mo\u017cliwo\u015b\u0107 wymiany pogl\u0105d\u00f3w PR-owc\u00f3w na temat konkretnych przyk\u0142ad\u00f3w, kt\u00f3re mog\u0105 by\u0107 wzorem lub przestrog\u0105 dla innych. Chcemy podj\u0105\u0107 dynamiczn\u0105 dyskusj\u0119 o tym, co wa\u017cne, intryguj\u0105ce, z czego mo\u017cemy naby\u0107 cenne do\u015bwiadczenia. Organizatorami spotka\u0144 s\u0105 wortal PRoto i hotel InterContinental, a g\u0142\u00f3wnym partnerem merytorycznym Instytut Monitorowania Medi\u00f3w.<\/p>\n<p>Spotkanie jest bezp\u0142atne i mo\u017ce w nim uczestniczy\u0107 ka\u017cdy, kto chcia\u0142aby podzieli\u0107 si\u0119 z nami swoimi spostrze\u017ceniami i do\u015bwiadczeniami z zakresu PR. <\/p>\n","protected":false},"excerpt":{"rendered":"11 stycznia o godzinie 17:15 w klubie Hemisphere Hotelu InterContinental w Warszawie odb\u0119dzie si\u0119 drugie z cyklu spotka\u0144 Dialog PR. Zaproszeni paneli\u015bci, specjali\u015bci ds. marketingu politycznego, b\u0119d\u0105 rozmawia\u0107 o tym, ile ich dzia\u0142alno\u015b\u0107 ma wsp\u00f3lnego z public relations i jak pokazuj\u0105 j\u0105 media.","protected":false},"author":1,"featured_media":0,"comment_status":"open","ping_status":"closed","sticky":false,"template":"","format":"standard","meta":{"csco_display_header_overlay":false,"csco_singular_sidebar":"","csco_page_header_type":"","csco_page_load_nextpost":"","csco_post_video_location":[],"csco_post_video_location_hash":"","csco_post_video_url":"","csco_post_video_bg_start_time":0,"csco_post_video_bg_end_time":0,"footnotes":""},"categories":[9658],"tags":[],"class_list":{"0":"post-82718","1":"post","2":"type-post","3":"status-publish","4":"format-standard","6":"category-branding","7":"cs-entry","8":"cs-video-wrap"},"_links":{"self":[{"href":"https:\/\/mediarun.com\/pl\/wp-json\/wp\/v2\/posts\/82718","targetHints":{"allow":["GET"]}}],"collection":[{"href":"https:\/\/mediarun.com\/pl\/wp-json\/wp\/v2\/posts"}],"about":[{"href":"https:\/\/mediarun.com\/pl\/wp-json\/wp\/v2\/types\/post"}],"author":[{"embeddable":true,"href":"https:\/\/mediarun.com\/pl\/wp-json\/wp\/v2\/users\/1"}],"replies":[{"embeddable":true,"href":"https:\/\/mediarun.com\/pl\/wp-json\/wp\/v2\/comments?post=82718"}],"version-history":[{"count":0,"href":"https:\/\/mediarun.com\/pl\/wp-json\/wp\/v2\/posts\/82718\/revisions"}],"wp:attachment":[{"href":"https:\/\/mediarun.com\/pl\/wp-json\/wp\/v2\/media?parent=82718"}],"wp:term":[{"taxonomy":"category","embeddable":true,"href":"https:\/\/mediarun.com\/pl\/wp-json\/wp\/v2\/categories?post=82718"},{"taxonomy":"post_tag","embeddable":true,"href":"https:\/\/mediarun.com\/pl\/wp-json\/wp\/v2\/tags?post=82718"}],"curies":[{"name":"wp","href":"https:\/\/api.w.org\/{rel}","templated":true}]}}