{"id":82707,"date":"2006-01-06T02:02:22","date_gmt":"2006-01-06T01:02:22","guid":{"rendered":"https:\/\/mediarun.com\/index.php\/news-posts\/nowe-programy-w-ramowce-tvn-turbo\/"},"modified":"2006-01-06T02:02:22","modified_gmt":"2006-01-06T01:02:22","slug":"nowe-programy-w-ramowce-tvn-turbo","status":"publish","type":"post","link":"https:\/\/mediarun.com\/pl\/media\/tv\/nowe-programy-w-ramowce-tvn-turbo.html","title":{"rendered":"Nowe programy w ram\u00f3wce TVN Turbo"},"content":{"rendered":"<p>W programie b\u0119dzie mo\u017cna zobaczy\u0107 m.in.: w\u00f3z stra\u017cacki, karetk\u0119, ch\u0142odni\u0119, limuzyn\u0119 g\u0142owy pa\u0144stwa czy pojazd do naprawiania sieci trakcyjnej. Nie zabraknie r\u00f3wnie\u017c wypowiedzi ekspert\u00f3w. Magazyn poprowadzi Maciej Chybowski. Czas trwania: 30 minut.<\/p>\n<p>&#8222;Policyjne ta\u015bmy&#8221; &#8211; to prawdziwy obraz pracy ameryka\u0144skich policjant\u00f3w, oryginalne nagrania z operacyjnych kamer. W programie b\u0119dzie mo\u017cna zobaczy\u0107 efektowne zatrzymania drogowych przest\u0119pc\u00f3w oraz spektakularne akcje. Czas trwania: 30 minut.<\/p>\n<p>W styczniu TVN Turbo zaprezentuje tak\u017ce przegl\u0105d najnowszych informacji ze \u015bwiata motoryzacji czyli &#8222;Turbo Express&#8221;. Na anten\u0119 wraca magazyn &#8222;Motorwizja Classic&#8221; &#8211; dla wszystkich mi\u0142o\u015bnik\u00f3w klasycznych samochod\u00f3w oraz program &#8222;Uliczni szale\u0144cy&#8221;, czyli zwariowani motocykli\u015bci i ich niebezpieczne wyczyny. Dla fan\u00f3w i nie tylko: premierowe odcinki &#8222;Top Gear&#8221;.<\/p>\n<p>Emisje:<br \/>\n&#8222;Specjalista&#8221; &#8211; premiera &#8211; niedziela  godz. 9:30;<br \/>\n&#8222;Policyjne ta\u015bmy&#8221; &#8211; premiera  &#8211; sobota  godz. 11:30;<br \/>\n&#8222;Turbo Express&#8221; &#8211; premiera codziennie godz.: 17:00, 18:30, 21:00, 22:30;<br \/>\n&#8222;Motorwizja Classic&#8221; &#8211; premiera &#8211; pi\u0105tek godz.: 18:30;<br \/>\n&#8222;Uliczni szale\u0144cy&#8221; &#8211; premiera &#8211; wtorek godz. 18:00;<br \/>\n&#8222;Top Gear&#8221; &#8211; premiera &#8211; sobota  godz. 10:00.<br \/>\nTVN Turbo jest dost\u0119pny  przez sieci kablowe i platformy cyfrowe.<\/p>\n","protected":false},"excerpt":{"rendered":"Ju\u017c od 6 stycznia w ram\u00f3wce TVN Turbo pojawi\u0105 si\u0119 dwa nowe programy.&#8222;Specjalista&#8221; &#8211; to magazyn po\u015bwi\u0119cony nietypowym pojazdom, przeznaczonym do zada\u0144 specjalnych, z kt\u00f3rymi nie poradzi\u0142yby sobie zwyczajne samochody.","protected":false},"author":1,"featured_media":82708,"comment_status":"open","ping_status":"closed","sticky":false,"template":"","format":"standard","meta":{"csco_display_header_overlay":false,"csco_singular_sidebar":"","csco_page_header_type":"","csco_page_load_nextpost":"","csco_post_video_location":[],"csco_post_video_location_hash":"","csco_post_video_url":"","csco_post_video_bg_start_time":0,"csco_post_video_bg_end_time":0,"footnotes":""},"categories":[9670],"tags":[],"class_list":{"0":"post-82707","1":"post","2":"type-post","3":"status-publish","4":"format-standard","5":"has-post-thumbnail","7":"category-tv","8":"cs-entry","9":"cs-video-wrap"},"_links":{"self":[{"href":"https:\/\/mediarun.com\/pl\/wp-json\/wp\/v2\/posts\/82707","targetHints":{"allow":["GET"]}}],"collection":[{"href":"https:\/\/mediarun.com\/pl\/wp-json\/wp\/v2\/posts"}],"about":[{"href":"https:\/\/mediarun.com\/pl\/wp-json\/wp\/v2\/types\/post"}],"author":[{"embeddable":true,"href":"https:\/\/mediarun.com\/pl\/wp-json\/wp\/v2\/users\/1"}],"replies":[{"embeddable":true,"href":"https:\/\/mediarun.com\/pl\/wp-json\/wp\/v2\/comments?post=82707"}],"version-history":[{"count":0,"href":"https:\/\/mediarun.com\/pl\/wp-json\/wp\/v2\/posts\/82707\/revisions"}],"wp:featuredmedia":[{"embeddable":true,"href":"https:\/\/mediarun.com\/pl\/wp-json\/wp\/v2\/media\/82708"}],"wp:attachment":[{"href":"https:\/\/mediarun.com\/pl\/wp-json\/wp\/v2\/media?parent=82707"}],"wp:term":[{"taxonomy":"category","embeddable":true,"href":"https:\/\/mediarun.com\/pl\/wp-json\/wp\/v2\/categories?post=82707"},{"taxonomy":"post_tag","embeddable":true,"href":"https:\/\/mediarun.com\/pl\/wp-json\/wp\/v2\/tags?post=82707"}],"curies":[{"name":"wp","href":"https:\/\/api.w.org\/{rel}","templated":true}]}}