{"id":82698,"date":"2006-01-06T02:36:43","date_gmt":"2006-01-06T01:36:43","guid":{"rendered":"https:\/\/mediarun.com\/index.php\/news-posts\/architektura-murator-w-subiektywnie\/"},"modified":"2006-01-06T02:36:43","modified_gmt":"2006-01-06T01:36:43","slug":"architektura-murator-w-subiektywnie","status":"publish","type":"post","link":"https:\/\/mediarun.com\/pl\/media\/prasa\/architektura-murator-w-subiektywnie.html","title":{"rendered":"&#8222;Architektura-murator&#8221; W subiektywnie"},"content":{"rendered":"<p>W styczniowym W SUBIEKTYWIE prezentowane s\u0105 zdj\u0119cia Helene Binet, kt\u00f3ra wsp\u00f3\u0142pracowa\u0142a mi\u0119dzy innymi z architektami: Raoulem Bunschotenem, Davidem Chipperfieldem, Tony&#8217;m Frettonem, Zah\u0105 Hadid, Johnem Hejdukiem, Danielem Libeskindem, Zvim Heckerem, Peterem Zumthorem, Caruso St Johnem oraz pracowniami: Sauerbruch Hutton architects i Coop Himmelb(l)au. Ponadto zajmuje si\u0119 fotografowaniem architektury modernistycznej, m.in. budynk\u00f3w Alvara Aalto, Sigurda Lewerentza, Dimitrisa Pikionisa, Dom H.van der Laana i Le Corbusiera, a tak\u017ce fotografowaniem krajobrazu. Jej celem jest nie tyle dokumentacja obiektu, co jego interpretowanie, dzi\u0119ki czemu zdj\u0119cie nabiera cech niezale\u017cnego dzie\u0142a sztuki. Prace Helene Binet prezentowano na wielu wystawach zbiorowych i indywidualnych,  tworzone przez ni\u0105 fotografie z\u0142o\u017cy\u0142y si\u0119 na kilka znanych monografii wsp\u00f3\u0142czesnych architekt\u00f3w.<\/p>\n<p>W lutowym numerze &#8222;Architektury-murator&#8221; b\u0119d\u0105 prezentowane zdj\u0119cia Andreasa Gursky&#8217;ego.<br \/>\nWyboru fotograf\u00f3w, kt\u00f3rych tw\u00f3rczo\u015b\u0107 jest pokazywana w nowej kolumnie, dokonuj\u0105 jej autorka Aleksandra St\u0119pnikowska i znany fotograf architektury Juliusz Soko\u0142owski.<\/p>\n","protected":false},"excerpt":{"rendered":"Miesi\u0119cznik &#8222;Architektura-murator&#8221; ma now\u0105 rubryk\u0119 fotograficzn\u0105 &#8222;W subiektywie&#8221;.  B\u0119d\u0105 w niej prezentowane zdj\u0119cia \u015bwiatowej s\u0142awy fotografik\u00f3w przestrzeni. Fotografie pokazywane w rubryce to osobista wizja architektury i jej zwi\u0105zk\u00f3w z otoczeniem, wyraz indywidualno\u015bci ich autor\u00f3w &#8211; st\u0105d nazwa rubryki.","protected":false},"author":1,"featured_media":0,"comment_status":"open","ping_status":"closed","sticky":false,"template":"","format":"standard","meta":{"csco_display_header_overlay":false,"csco_singular_sidebar":"","csco_page_header_type":"","csco_page_load_nextpost":"","csco_post_video_location":[],"csco_post_video_location_hash":"","csco_post_video_url":"","csco_post_video_bg_start_time":0,"csco_post_video_bg_end_time":0,"footnotes":""},"categories":[9673],"tags":[],"class_list":{"0":"post-82698","1":"post","2":"type-post","3":"status-publish","4":"format-standard","6":"category-prasa","7":"cs-entry","8":"cs-video-wrap"},"_links":{"self":[{"href":"https:\/\/mediarun.com\/pl\/wp-json\/wp\/v2\/posts\/82698","targetHints":{"allow":["GET"]}}],"collection":[{"href":"https:\/\/mediarun.com\/pl\/wp-json\/wp\/v2\/posts"}],"about":[{"href":"https:\/\/mediarun.com\/pl\/wp-json\/wp\/v2\/types\/post"}],"author":[{"embeddable":true,"href":"https:\/\/mediarun.com\/pl\/wp-json\/wp\/v2\/users\/1"}],"replies":[{"embeddable":true,"href":"https:\/\/mediarun.com\/pl\/wp-json\/wp\/v2\/comments?post=82698"}],"version-history":[{"count":0,"href":"https:\/\/mediarun.com\/pl\/wp-json\/wp\/v2\/posts\/82698\/revisions"}],"wp:attachment":[{"href":"https:\/\/mediarun.com\/pl\/wp-json\/wp\/v2\/media?parent=82698"}],"wp:term":[{"taxonomy":"category","embeddable":true,"href":"https:\/\/mediarun.com\/pl\/wp-json\/wp\/v2\/categories?post=82698"},{"taxonomy":"post_tag","embeddable":true,"href":"https:\/\/mediarun.com\/pl\/wp-json\/wp\/v2\/tags?post=82698"}],"curies":[{"name":"wp","href":"https:\/\/api.w.org\/{rel}","templated":true}]}}