{"id":82694,"date":"2006-01-06T02:56:52","date_gmt":"2006-01-06T01:56:52","guid":{"rendered":"https:\/\/mediarun.com\/index.php\/news-posts\/nowy-serial-codzienna-2-m-3\/"},"modified":"2006-01-06T02:56:52","modified_gmt":"2006-01-06T01:56:52","slug":"nowy-serial-codzienna-2-m-3","status":"publish","type":"post","link":"https:\/\/mediarun.com\/pl\/media\/tv\/nowy-serial-codzienna-2-m-3.html","title":{"rendered":"Nowy serial &#8222;Codzienna 2 m. 3&#8221;"},"content":{"rendered":"<p>W serialu zobaczymy m.in. Wojciecha Malajkata, Magdalen\u0119 W\u00f3jcik, Edyt\u0119 Jungowsk\u0105, Zofi\u0119 Czerwi\u0144sk\u0105, Ew\u0119 Kasprzyk, Andrzeja Mastalerza, Arkadiusza Jakubika i Eryka Lubosa. Wojciech Malajkat i Magdalena W\u00f3jcik graj\u0105 ma\u0142\u017ce\u0144stwo m\u0142odych dziennikarzy, Lilki i Piotra. On od niedawna jest bezrobotny i zupe\u0142nie nie potrafi poradzi\u0107 sobie z t\u0105 sytuacj\u0105. Ona jest dynamiczna i czynna zawodowo. Maj\u0105 o\u015bmioletniego syna, rezolutnego i niezno\u015bnego Franka. W ich domu bywaj\u0105 dwie diametralnie od siebie r\u00f3\u017cne babcie (Zofia Czerwi\u0144ska i Ewa Kasprzyk), uroczy dziadek oraz kilkoro znajomych i przyjaci\u00f3\u0142. Serialowe scenki tworz\u0105 humorystyczn\u0105 opowie\u015b\u0107 z codziennego \u017cycia bohater\u00f3w, ale wielu widz\u00f3w odnajdzie w nich zapewne obrazki z w\u0142asnego \u017cycia. <\/p>\n<p>W pozosta\u0142ych rolach: Maciej Stolarczyk (Franek), S\u0142awomir Pacek (Listonosz), Dominika Ku\u017aniak (Patrycja), Agnieszka Wielgosz (Sonia), Kevin Aiston (Teacher), Pawe\u0142 Burczyk (Jacek, baby sitter), Jan Kobuszewski (Dziadek Anatol). <\/p>\n<p>Emisja: niedziela 15 stycznia 2006, godz.13.30, TVP2, 13 odcink\u00f3w <\/p>\n<p>Re\u017c.: Kinga Lewi\u0144ska Scenariusz: Karolina Szablewska Producent: Dariusz Jab\u0142o\u0144ski, Iza W\u00f3jcik, Violetta Kami\u0144ska Zdj\u0119cia: Andrzej Wolf Produkcja: Avocado TV dla Programu 2 TVP <\/p>\n","protected":false},"excerpt":{"rendered":"Kolejna premiera polskiego serialu. 15 stycznia 2006 r. Dw\u00f3jka rozpoczyna emisj\u0119 produkcji komediowej pt. &#8222;Codzienna 2 m. 3&#8221;. Atutami serialu maj\u0105 by\u0107 wartka akcja, pe\u0142ne humoru dialogi, wyraziste postacie i popularna obsada, z\u0142o\u017cona mi\u0119dzy innymi z gwiazd &#8222;Na dobre i na z\u0142e&#8221; oraz &#8222;Europa da si\u0119 lubi\u0107&#8221;.","protected":false},"author":1,"featured_media":82695,"comment_status":"open","ping_status":"closed","sticky":false,"template":"","format":"standard","meta":{"csco_display_header_overlay":false,"csco_singular_sidebar":"","csco_page_header_type":"","csco_page_load_nextpost":"","csco_post_video_location":[],"csco_post_video_location_hash":"","csco_post_video_url":"","csco_post_video_bg_start_time":0,"csco_post_video_bg_end_time":0,"footnotes":""},"categories":[9670],"tags":[],"class_list":{"0":"post-82694","1":"post","2":"type-post","3":"status-publish","4":"format-standard","5":"has-post-thumbnail","7":"category-tv","8":"cs-entry","9":"cs-video-wrap"},"_links":{"self":[{"href":"https:\/\/mediarun.com\/pl\/wp-json\/wp\/v2\/posts\/82694","targetHints":{"allow":["GET"]}}],"collection":[{"href":"https:\/\/mediarun.com\/pl\/wp-json\/wp\/v2\/posts"}],"about":[{"href":"https:\/\/mediarun.com\/pl\/wp-json\/wp\/v2\/types\/post"}],"author":[{"embeddable":true,"href":"https:\/\/mediarun.com\/pl\/wp-json\/wp\/v2\/users\/1"}],"replies":[{"embeddable":true,"href":"https:\/\/mediarun.com\/pl\/wp-json\/wp\/v2\/comments?post=82694"}],"version-history":[{"count":0,"href":"https:\/\/mediarun.com\/pl\/wp-json\/wp\/v2\/posts\/82694\/revisions"}],"wp:featuredmedia":[{"embeddable":true,"href":"https:\/\/mediarun.com\/pl\/wp-json\/wp\/v2\/media\/82695"}],"wp:attachment":[{"href":"https:\/\/mediarun.com\/pl\/wp-json\/wp\/v2\/media?parent=82694"}],"wp:term":[{"taxonomy":"category","embeddable":true,"href":"https:\/\/mediarun.com\/pl\/wp-json\/wp\/v2\/categories?post=82694"},{"taxonomy":"post_tag","embeddable":true,"href":"https:\/\/mediarun.com\/pl\/wp-json\/wp\/v2\/tags?post=82694"}],"curies":[{"name":"wp","href":"https:\/\/api.w.org\/{rel}","templated":true}]}}