{"id":82692,"date":"2006-01-06T02:58:16","date_gmt":"2006-01-06T01:58:16","guid":{"rendered":"https:\/\/mediarun.com\/index.php\/news-posts\/final-wosp-w-tvp\/"},"modified":"2006-01-06T02:58:16","modified_gmt":"2006-01-06T01:58:16","slug":"final-wosp-w-tvp","status":"publish","type":"post","link":"https:\/\/mediarun.com\/pl\/media\/tv\/final-wosp-w-tvp.html","title":{"rendered":"Fina\u0142 WO\u015aP w TVP"},"content":{"rendered":"<p>Fina\u0142 Wielkiej Orkiestry \u015awi\u0105tecznej Pomocy to najwi\u0119ksze przedsi\u0119wzi\u0119cie realizacyjne Programu 2 i Telewizji Polskiej S.A. Jego skal\u0119 mog\u0105 zobrazowa\u0107 nast\u0119puj\u0105ce liczby: 13 studi\u00f3w telewizyjnych, 10 woz\u00f3w transmisyjnych oraz tyle samo reporterskich, oko\u0142o 500 ekip reporterskich, tysi\u0105ce kilometr\u00f3w \u0142\u0105czy telewizyjnych i setki kilometr\u00f3w \u015bwiat\u0142owod\u00f3w. W trakcie ca\u0142odziennej relacji oko\u0142o 80 po\u0142\u0105cze\u0144 z o\u015brodkami regionalnymi, obraz z 200 kamer, 8 godzin emisji w Programie 2 i r\u00f3wnoczesna transmisja w TV Polonia oraz w telewizji interaktywnej iTVP. W przygotowania i prac\u0119 podczas transmisji, ze strony Telewizji, zaanga\u017cowanych jest oko\u0142o 1000 os\u00f3b. <\/p>\n<p>W tym roku, ju\u017c 8 stycznia, nasze wozy satelitarne przeka\u017c\u0105 wydarzenia z nast\u0119puj\u0105cych miast: Ko\u0142obrzegu, Krynicy G\u00f3rskiej, \u017bmigrodu, K\u0142odzka, Krosna, Gi\u017cycka i W\u0142oc\u0142awka. Wozy transmisyjne ustawione s\u0105 w Suwa\u0142kach, Gdyni, Mys\u0142owicach, Krakowie, Lublinie, \u0141odzi, Poznaniu i Wroc\u0142awiu. Po wojew\u00f3dztwie kujawsko-pomorskim przemieszcza\u0107 si\u0119 b\u0119dzie specjalny poci\u0105g, kt\u00f3ry zawita m.in. do Solca Kujawskiego, Serocka, Koronowa, M\u0105kowarska, Gostycynia, Miana, Jastrz\u0119bia Pomorskiego, Rypina, Me\u0142na i przywiezie relacje reporterskie z tych i jeszcze wielu innych miejscowo\u015bci. W koncertach oraz innych imprezach w ca\u0142ym kraju, uczestniczy\u0107 b\u0119d\u0105 gwiazdy Programu 2 &#8211; Gra\u017cyna Torbicka, Agata M\u0142ynarska, Katarzyna Dowbor, Katarzyna Obara, Micha\u0142 Fajbusiewicz, Anna Dymna, Jolanta Fajkowska i wielu przyjaci\u00f3\u0142 ,,Dw\u00f3jki&#8221;. <\/p>\n<p>W naszym orkiestrowy graniu wspomog\u0105 nas znani i lubiani uczestnicy programu &#8222;Europa da si\u0119 lubi\u0107&#8221;. Steve Terret b\u0119dzie na targu rybnym w Gdyni, Conrado Moreno pojedzie do Suwa\u0142k, Teofilos Vafidis do Krynicy, Ola Niezwiestna do Krakowa, Ela Duda wyst\u0105pi w Kielcach, Dmitri Srelnikow b\u0119dzie na koncercie w Wola Parku, natomiast Mojca Tirs i Dragan Skrobi\u0107 &#8211; w studiu warszawskim. <\/p>\n<p>Specjalne ,,orkiestrowe&#8221; wydania zaplanowa\u0142a &#8222;Panorama&#8221;, \u0142\u0105czenia na \u017cywo i felietony na temat WO\u015aP przewidziano w &#8222;Teleexpresie&#8221; i &#8222;Wiadomo\u015bciach&#8221;. W trakcie fina\u0142u nasi reporterzy odwiedzaj\u0105 kilkadziesi\u0105t miast, miasteczek i miejscowo\u015bci, i z ka\u017cdego z nich nadadz\u0105 relacje na antenie og\u00f3lnopolskiej lub lokalnej oraz w wydaniach specjalnych &#8222;Panoramy&#8221;. <\/p>\n<p>W kulminacyjnym momencie Fina\u0142u o godzinie 2000, kiedy tradycyjnie zapalamy &#8222;\u015awiate\u0142ko do nieba&#8221;, ogl\u0105daj\u0105 nas widzowie w Programie 1, Programie 2 i TV Polonia. <\/p>\n<p>Pieni\u0105dze zebrane podczas tegorocznego, XIV Fina\u0142u Wielkiej Orkiestry \u015awi\u0105tecznej Pomocy, przeznaczone zostan\u0105 na zakup sprz\u0119tu ratuj\u0105cego \u017cycie dzieciom poszkodowanym w wypadkach, w tym r\u00f3wnie\u017c na nauk\u0119 udzielania pierwszej pomocy. <\/p>\n<p>Pierwszy Fina\u0142 odby\u0142 si\u0119 3 stycznia 1993 roku i po\u015bwi\u0119cony by\u0142 ratowaniu \u017cycia noworodkom z wrodzonymi chorobami serca. Kolejne fina\u0142y mia\u0142y na celu, mi\u0119dzy innymi: pomoc szpitalom noworodkowym, pomoc w zakupie sprz\u0119tu dla klinik onkologicznych, ratowanie \u017cycia dzieci, kt\u00f3re uleg\u0142y wypadkom. <\/p>\n<p>Prace nad ka\u017cd\u0105 nast\u0119pn\u0105 edycj\u0105 Fina\u0142u rozpoczynaj\u0105 ju\u017c si\u0119 wiosn\u0105 &#8211; pierwsze rozmowy, ustalenia, dyskusje, poszukiwanie nowych rozwi\u0105za\u0144. Najcz\u0119\u015bciej we wrze\u015bniu krystalizuje si\u0119 temat i do pracy w\u0142\u0105czaj\u0105 si\u0119 oddzia\u0142y terenowe Telewizji Polskiej. Od ich pracy zale\u017cy nie tylko techniczne przygotowanie transmisji &#8211; najcz\u0119\u015bciej s\u0105 animatorami wydarze\u0144 w swoim regionie. Odbywaj\u0105 dziesi\u0105tki spotka\u0144, przemierzaj\u0105 nieraz setki kilometr\u00f3w, aby do idei Wielkiej Orkiestry przekona\u0107 nie tylko lokalne spo\u0142eczno\u015bci, ale i w\u0142adze lokalne i lokalnych przedsi\u0119biorc\u00f3w. <\/p>\n<p>Ka\u017cdy Fina\u0142 to praca zespo\u0142owa &#8211; wszyscy, blisko tysi\u0105c os\u00f3b zaanga\u017cowanych ze strony Telewizji &#8211; pracuje z wielkim zaanga\u017cowaniem. Technicy, mechanicy, obs\u0142uga planu, kierownicy produkcji, redaktorzy, realizatorzy wizji, d\u017awi\u0119ku i \u015bwiat\u0142a, re\u017cyser i Jurek Owsiak &#8211; wszyscy maj\u0105 jeden cel: profesjonalny produkt ko\u0144cowy swojej pracy, bo od tego zale\u017cy, ilu potrzebuj\u0105cym dzieciom uda si\u0119 pom\u00f3c. Zesp\u00f3\u0142, kt\u00f3ry pracuje przy Finale jest wysoce profesjonalny &#8211; je\u015bli nawet pojawiaj\u0105 si\u0119 elementy pewnego ba\u0142aganu czy zamieszania, ten zesp\u00f3\u0142 potrafi zadba\u0107 o to, aby nad sytuacj\u0105 szybko i sprawnie zapanowa\u0107.<\/p>\n","protected":false},"excerpt":{"rendered":"Wielka Orkiestra \u015awi\u0105tecznej Pomocy jest najwi\u0119ksz\u0105 medialn\u0105 akcj\u0105 charytatywn\u0105 na \u015bwiecie. Ka\u017cdy z Fina\u0142\u00f3w Wielkiej Orkiestry \u015awi\u0105tecznej Pomocy po\u015bwi\u0119cony jest innemu celowi, ale maj\u0105 jeden wsp\u00f3lny mianownik &#8211; pieni\u0105dze zebrane w te dni przeznaczone s\u0105 na pomoc chorym dzieciom.","protected":false},"author":1,"featured_media":82693,"comment_status":"open","ping_status":"closed","sticky":false,"template":"","format":"standard","meta":{"csco_display_header_overlay":false,"csco_singular_sidebar":"","csco_page_header_type":"","csco_page_load_nextpost":"","csco_post_video_location":[],"csco_post_video_location_hash":"","csco_post_video_url":"","csco_post_video_bg_start_time":0,"csco_post_video_bg_end_time":0,"footnotes":""},"categories":[9670],"tags":[],"class_list":{"0":"post-82692","1":"post","2":"type-post","3":"status-publish","4":"format-standard","5":"has-post-thumbnail","7":"category-tv","8":"cs-entry","9":"cs-video-wrap"},"_links":{"self":[{"href":"https:\/\/mediarun.com\/pl\/wp-json\/wp\/v2\/posts\/82692","targetHints":{"allow":["GET"]}}],"collection":[{"href":"https:\/\/mediarun.com\/pl\/wp-json\/wp\/v2\/posts"}],"about":[{"href":"https:\/\/mediarun.com\/pl\/wp-json\/wp\/v2\/types\/post"}],"author":[{"embeddable":true,"href":"https:\/\/mediarun.com\/pl\/wp-json\/wp\/v2\/users\/1"}],"replies":[{"embeddable":true,"href":"https:\/\/mediarun.com\/pl\/wp-json\/wp\/v2\/comments?post=82692"}],"version-history":[{"count":0,"href":"https:\/\/mediarun.com\/pl\/wp-json\/wp\/v2\/posts\/82692\/revisions"}],"wp:featuredmedia":[{"embeddable":true,"href":"https:\/\/mediarun.com\/pl\/wp-json\/wp\/v2\/media\/82693"}],"wp:attachment":[{"href":"https:\/\/mediarun.com\/pl\/wp-json\/wp\/v2\/media?parent=82692"}],"wp:term":[{"taxonomy":"category","embeddable":true,"href":"https:\/\/mediarun.com\/pl\/wp-json\/wp\/v2\/categories?post=82692"},{"taxonomy":"post_tag","embeddable":true,"href":"https:\/\/mediarun.com\/pl\/wp-json\/wp\/v2\/tags?post=82692"}],"curies":[{"name":"wp","href":"https:\/\/api.w.org\/{rel}","templated":true}]}}