{"id":82690,"date":"2006-01-06T03:00:01","date_gmt":"2006-01-06T02:00:01","guid":{"rendered":"https:\/\/mediarun.com\/index.php\/news-posts\/zmiany-w-sportowym-expressie\/"},"modified":"2006-01-06T03:00:01","modified_gmt":"2006-01-06T02:00:01","slug":"zmiany-w-sportowym-expressie","status":"publish","type":"post","link":"https:\/\/mediarun.com\/pl\/media\/tv\/zmiany-w-sportowym-expressie.html","title":{"rendered":"Zmiany w Sportowym Expressie"},"content":{"rendered":"<p>&#8211; Dzi\u0119ki tym zmianom &#8211; m\u00f3wi Robert Korzeniowski, przewodnicz\u0105cy Kolegium Sportowego TVP S.A., kierownik Redakcji Audycji Sportowych TVP1 &#8211; b\u0119dzie bli\u017cszy kontakt widza z prowadz\u0105cym. Informacje b\u0119d\u0105 przekazywane w bardziej przyst\u0119pny spos\u00f3b, zrozumia\u0142y nie tylko dla kibic\u00f3w. Do zmiany wizerunku programu i jego o\u017cywienia przyczyni si\u0119 z pewno\u015bci\u0105 tak\u017ce wielobarwna kolorystyka czo\u0142\u00f3wki i studia, przypominaj\u0105ca graffiti. Z tego zadowoleni powinni by\u0107 zw\u0142aszcza ludzie m\u0142odzi, kt\u00f3rzy stanowi\u0105 liczn\u0105 grup\u0119 widz\u00f3w &#8222;Sportowego Expressu&#8221;. <\/p>\n<p><?plik(4212,'center','Nowe studiu Sportowego Expressu\/\/ fot. PAT')?><\/p>\n<p>Przygotowania do wprowadzenia na anten\u0119 programu w nowej formule trwa\u0142y ok. 2 miesi\u0119cy. Autorami zmian s\u0105 pracownicy TVP. Czo\u0142\u00f3wk\u0119 przygotowa\u0142 Zenon Balcer, muzyk\u0119 do niej skomponowa\u0142 Andrzej Milanowski, a o koncepcj\u0119 scenografii zadba\u0142a Anna Erol. <\/p>\n<p>&#8211; Chcieli\u015bmy, \u017ceby &#8222;Sportowy Express&#8221; dociera\u0142 do szerszej widowni &#8211; dodaje Stanis\u0142aw Snopek &#8211; zast\u0119pca kierownika Redakcji Audycji Sportowych TVP1. Przy wprowadzaniu zmian wykorzystali\u015bmy badania fokusowe przeprowadzone przez Biuro Marketingu i Promocji TVP. <\/p>\n<p>Wraz ze zmian\u0105 czo\u0142\u00f3wki i scenografii programu pojawi\u0105 si\u0119 nowi prowadz\u0105cy. Najpierw swoje umiej\u0119tno\u015bci zaprezentuje Robert El Gendy (na zdj\u0119ciu), znany dziennikarz sportowy O\u015brodka TVP w Olsztynie, wsp\u00f3\u0142autor magazynu \u017ceglarskiego &#8222;Nawigator&#8221;, reporter i prowadz\u0105cy &#8222;Informacje&#8221; w TVP3 Olsztyn. Ulubione dyscypliny sportu 28-letniego dziennikarza, kt\u00f3rego ojciec jest Egipcjaninem, to koszyk\u00f3wka, pi\u0142ka no\u017cna i siatk\u00f3wka. Zyska\u0142 on tak\u017ce uznanie podczas listopadowego castingu przeprowadzonego przez Redakcj\u0119 Sportow\u0105 Programu 1 TVP. Nieco p\u00f3\u017aniej pojawi si\u0119 na wizji znany z prowadzenia serwis\u00f3w sportowych w TVN24 Maciej Jab\u0142o\u0144ski. B\u0119dzie on te\u017c jednym z wydawc\u00f3w programu. Codzienne wydanie &#8222;Sportowego Expressu&#8221; przygotowuje z regu\u0142y 6 os\u00f3b. <\/p>\n<p>&#8222;Sportowy Express&#8221; jest nadawany od jesieni 2002 roku. W dni powszednie trwa 4 minuty, a w weekendy &#8211; 5 minut. \u015arednio ogl\u0105da go ok. 1,5 mln os\u00f3b.<\/p>\n","protected":false},"excerpt":{"rendered":"Od 7 stycznia sportowy program informacyjny Jedynki &#8222;Sportowy Express&#8221; (nadawany o 16.50) zostanie wyemitowany z now\u0105 czo\u0142\u00f3wk\u0105 i w zmienionej scenografii.","protected":false},"author":1,"featured_media":82691,"comment_status":"open","ping_status":"closed","sticky":false,"template":"","format":"standard","meta":{"csco_display_header_overlay":false,"csco_singular_sidebar":"","csco_page_header_type":"","csco_page_load_nextpost":"","csco_post_video_location":[],"csco_post_video_location_hash":"","csco_post_video_url":"","csco_post_video_bg_start_time":0,"csco_post_video_bg_end_time":0,"footnotes":""},"categories":[9670],"tags":[],"class_list":{"0":"post-82690","1":"post","2":"type-post","3":"status-publish","4":"format-standard","5":"has-post-thumbnail","7":"category-tv","8":"cs-entry","9":"cs-video-wrap"},"_links":{"self":[{"href":"https:\/\/mediarun.com\/pl\/wp-json\/wp\/v2\/posts\/82690","targetHints":{"allow":["GET"]}}],"collection":[{"href":"https:\/\/mediarun.com\/pl\/wp-json\/wp\/v2\/posts"}],"about":[{"href":"https:\/\/mediarun.com\/pl\/wp-json\/wp\/v2\/types\/post"}],"author":[{"embeddable":true,"href":"https:\/\/mediarun.com\/pl\/wp-json\/wp\/v2\/users\/1"}],"replies":[{"embeddable":true,"href":"https:\/\/mediarun.com\/pl\/wp-json\/wp\/v2\/comments?post=82690"}],"version-history":[{"count":0,"href":"https:\/\/mediarun.com\/pl\/wp-json\/wp\/v2\/posts\/82690\/revisions"}],"wp:featuredmedia":[{"embeddable":true,"href":"https:\/\/mediarun.com\/pl\/wp-json\/wp\/v2\/media\/82691"}],"wp:attachment":[{"href":"https:\/\/mediarun.com\/pl\/wp-json\/wp\/v2\/media?parent=82690"}],"wp:term":[{"taxonomy":"category","embeddable":true,"href":"https:\/\/mediarun.com\/pl\/wp-json\/wp\/v2\/categories?post=82690"},{"taxonomy":"post_tag","embeddable":true,"href":"https:\/\/mediarun.com\/pl\/wp-json\/wp\/v2\/tags?post=82690"}],"curies":[{"name":"wp","href":"https:\/\/api.w.org\/{rel}","templated":true}]}}