{"id":82688,"date":"2006-01-06T03:26:44","date_gmt":"2006-01-06T02:26:44","guid":{"rendered":"https:\/\/mediarun.com\/index.php\/news-posts\/byli-czlonkowie-krrit-chca-odszkodowan\/"},"modified":"2006-01-06T03:26:44","modified_gmt":"2006-01-06T02:26:44","slug":"byli-czlonkowie-krrit-chca-odszkodowan","status":"publish","type":"post","link":"https:\/\/mediarun.com\/pl\/media\/tv\/byli-czlonkowie-krrit-chca-odszkodowan.html","title":{"rendered":"Byli cz\u0142onkowie KRRiT chc\u0105 odszkodowa\u0144"},"content":{"rendered":"<p>Cz\u0142onkowie nieistniej\u0105cej ju\u017c KRRiT spotkali si\u0119 w \u015brod\u0119 na nieformalnym posiedzeniu.<\/p>\n<p>&#8211; Ka\u017cdy ma inn\u0105 drog\u0119 \u017cyciow\u0105 i inaczej uzasadni sw\u00f3j pozew &#8211; t\u0142umaczy &#8222;Gazecie Wyborczej&#8221; Waniek.<\/p>\n<p>&#8211; Chodzi o to, \u017ce 30 grudnia 2005 r., w dniu wej\u015bcia w \u017cycie nowelizacji ustawy o rtv, wygas\u0142a kadencja ca\u0142ej Rady. Jej dziewi\u0119ciu cz\u0142onk\u00f3w zosta\u0142o od 1 stycznia bez pracy, cho\u0107 ich kadencje zgodnie z poprzedni\u0105 ustaw\u0105 mia\u0142y jeszcze potrwa\u0107 od roku do sze\u015bciu lat! Teraz chc\u0105 si\u0119 stara\u0107 o odszkodowanie za utracone pensje. Jak obliczyli\u015bmy, gdyby ta dziewi\u0105tka przetrwa\u0142a do ko\u0144ca swoich kadencji, zarobi\u0142aby w sumie niemal 4 mln z\u0142. Rekordzi\u015bci mogliby nawet dosta\u0107 ponad 700 tys. z\u0142. &#8211; pisze &#8222;Gazeta Wyborcza&#8221;<\/p>\n<p>Prawnikom trudno okre\u015bli\u0107, czy byli cz\u0142onkowie Rady maj\u0105 szans\u0119 na otrzymanie odszkodowa\u0144. Rz\u0105d jest spokojny i nie obawia si\u0119 przegranej w s\u0105dzie. <\/p>\n","protected":false},"excerpt":{"rendered":"Pr\u0119dzej czy p\u00f3\u017aniej wszyscy cz\u0142onkowie by\u0142ej ju\u017c dziewi\u0119cioosobowej KRRiT wyst\u0105pi\u0105 do s\u0105du o odszkodowania za utrat\u0119 pracy przed wyga\u015bni\u0119ciem kadencji. &#8211; pisze &#8222;Gazeta Wyborcza&#8221;","protected":false},"author":1,"featured_media":82689,"comment_status":"open","ping_status":"closed","sticky":false,"template":"","format":"standard","meta":{"csco_display_header_overlay":false,"csco_singular_sidebar":"","csco_page_header_type":"","csco_page_load_nextpost":"","csco_post_video_location":[],"csco_post_video_location_hash":"","csco_post_video_url":"","csco_post_video_bg_start_time":0,"csco_post_video_bg_end_time":0,"footnotes":""},"categories":[9670],"tags":[],"class_list":{"0":"post-82688","1":"post","2":"type-post","3":"status-publish","4":"format-standard","5":"has-post-thumbnail","7":"category-tv","8":"cs-entry","9":"cs-video-wrap"},"_links":{"self":[{"href":"https:\/\/mediarun.com\/pl\/wp-json\/wp\/v2\/posts\/82688","targetHints":{"allow":["GET"]}}],"collection":[{"href":"https:\/\/mediarun.com\/pl\/wp-json\/wp\/v2\/posts"}],"about":[{"href":"https:\/\/mediarun.com\/pl\/wp-json\/wp\/v2\/types\/post"}],"author":[{"embeddable":true,"href":"https:\/\/mediarun.com\/pl\/wp-json\/wp\/v2\/users\/1"}],"replies":[{"embeddable":true,"href":"https:\/\/mediarun.com\/pl\/wp-json\/wp\/v2\/comments?post=82688"}],"version-history":[{"count":0,"href":"https:\/\/mediarun.com\/pl\/wp-json\/wp\/v2\/posts\/82688\/revisions"}],"wp:featuredmedia":[{"embeddable":true,"href":"https:\/\/mediarun.com\/pl\/wp-json\/wp\/v2\/media\/82689"}],"wp:attachment":[{"href":"https:\/\/mediarun.com\/pl\/wp-json\/wp\/v2\/media?parent=82688"}],"wp:term":[{"taxonomy":"category","embeddable":true,"href":"https:\/\/mediarun.com\/pl\/wp-json\/wp\/v2\/categories?post=82688"},{"taxonomy":"post_tag","embeddable":true,"href":"https:\/\/mediarun.com\/pl\/wp-json\/wp\/v2\/tags?post=82688"}],"curies":[{"name":"wp","href":"https:\/\/api.w.org\/{rel}","templated":true}]}}