{"id":82685,"date":"2006-01-06T03:49:28","date_gmt":"2006-01-06T02:49:28","guid":{"rendered":"https:\/\/mediarun.com\/index.php\/news-posts\/sld-wystawi-kandydatow-do-krrit\/"},"modified":"2006-01-06T03:49:28","modified_gmt":"2006-01-06T02:49:28","slug":"sld-wystawi-kandydatow-do-krrit","status":"publish","type":"post","link":"https:\/\/mediarun.com\/pl\/media\/tv\/sld-wystawi-kandydatow-do-krrit.html","title":{"rendered":"SLD wystawi kandydat\u00f3w do KRRiT?"},"content":{"rendered":"<p>&#8211; Politycy PiS ju\u017c znale\u017ali s\u0142abe punkty drugiej kandydatury PO. Prawnik Lech Jaworski zasiada\u0142 w dotychczasowej Krajowej Radzie, gdzie przez ostatni rok ostro atakowa\u0142 Danut\u0119 Waniek. Ale wcze\u015bniej blisko wsp\u00f3\u0142pracowa\u0142 z W\u0142odzimierzem Czarzastym. Wsp\u00f3lnie z nim i zwi\u0105zanym z PSL Aleksandrem \u0141uczakiem decydowa\u0142 w 2003 roku o kszta\u0142cie rad nadzorczych regionalnych sp\u00f3\u0142ek Polskiego Radia. &#8211; czytamy w &#8222;Rzeczpospolitej&#8221;<\/p>\n<p>&#8211; By\u0142 uczestnikiem pewnego dzie\u0142a, kt\u00f3re zaprowadzi\u0142o Rad\u0119 i wizerunek medi\u00f3w publicznych w niew\u0142a\u015bciwym kierunku &#8211; powiedzia\u0142 wczoraj o Jaworskim szef Klubu PiS Przemys\u0142aw Gosiewski. <\/p>\n<p>Politycy PO przyznaj\u0105, \u017ce ich kandydaci maj\u0105 ma\u0142e szanse na wej\u015bcie do KRRiT. Zg\u0142oszenie ich ma g\u0142\u00f3wnie propagandowy charakter. <\/p>\n<p>&#8211; Je\u015bli PiS poprze np. kandydata Samoobrony Tomasza Borysiuka, trudno im b\u0119dzie powiedzie\u0107, \u017ce nie chodzi\u0142o tylko o zdobycie w\u0142adzy w mediach &#8211; t\u0142umaczy &#8222;Rz&#8221; Miros\u0142aw Drzewiecki z zarz\u0105du Platformy. <\/p>\n<p>&#8211; Platforma liczy po cichu, \u017ce mo\u017ce jednak uda si\u0119 powt\u00f3rzy\u0107 casus g\u0142osowania nad becikowym i przeg\u0142osowa\u0107 PiS. &#8211; pisze dziennik<\/p>\n","protected":false},"excerpt":{"rendered":"Platforma Obywatelska poprze kandydat\u00f3w do KRRiT &#8211; Lecha Jaworskiego i Tomasza Arabskiego. &#8211; Rozwa\u017camy sytuacj\u0119 na nowo. Nie mog\u0119 tego wykluczy\u0107 &#8211; m\u00f3wi &#8222;Rzeczpospolitej&#8221; przewodnicz\u0105cy Klubu Sojuszu Jerzy Szmajdzi\u0144ski.","protected":false},"author":1,"featured_media":82686,"comment_status":"open","ping_status":"closed","sticky":false,"template":"","format":"standard","meta":{"csco_display_header_overlay":false,"csco_singular_sidebar":"","csco_page_header_type":"","csco_page_load_nextpost":"","csco_post_video_location":[],"csco_post_video_location_hash":"","csco_post_video_url":"","csco_post_video_bg_start_time":0,"csco_post_video_bg_end_time":0,"footnotes":""},"categories":[9670],"tags":[],"class_list":{"0":"post-82685","1":"post","2":"type-post","3":"status-publish","4":"format-standard","5":"has-post-thumbnail","7":"category-tv","8":"cs-entry","9":"cs-video-wrap"},"_links":{"self":[{"href":"https:\/\/mediarun.com\/pl\/wp-json\/wp\/v2\/posts\/82685","targetHints":{"allow":["GET"]}}],"collection":[{"href":"https:\/\/mediarun.com\/pl\/wp-json\/wp\/v2\/posts"}],"about":[{"href":"https:\/\/mediarun.com\/pl\/wp-json\/wp\/v2\/types\/post"}],"author":[{"embeddable":true,"href":"https:\/\/mediarun.com\/pl\/wp-json\/wp\/v2\/users\/1"}],"replies":[{"embeddable":true,"href":"https:\/\/mediarun.com\/pl\/wp-json\/wp\/v2\/comments?post=82685"}],"version-history":[{"count":0,"href":"https:\/\/mediarun.com\/pl\/wp-json\/wp\/v2\/posts\/82685\/revisions"}],"wp:featuredmedia":[{"embeddable":true,"href":"https:\/\/mediarun.com\/pl\/wp-json\/wp\/v2\/media\/82686"}],"wp:attachment":[{"href":"https:\/\/mediarun.com\/pl\/wp-json\/wp\/v2\/media?parent=82685"}],"wp:term":[{"taxonomy":"category","embeddable":true,"href":"https:\/\/mediarun.com\/pl\/wp-json\/wp\/v2\/categories?post=82685"},{"taxonomy":"post_tag","embeddable":true,"href":"https:\/\/mediarun.com\/pl\/wp-json\/wp\/v2\/tags?post=82685"}],"curies":[{"name":"wp","href":"https:\/\/api.w.org\/{rel}","templated":true}]}}