{"id":82680,"date":"2006-01-06T04:34:28","date_gmt":"2006-01-06T03:34:28","guid":{"rendered":"https:\/\/mediarun.com\/index.php\/news-posts\/kaczynski-czlowiekiem-roku-2005\/"},"modified":"2006-01-06T04:34:28","modified_gmt":"2006-01-06T03:34:28","slug":"kaczynski-czlowiekiem-roku-2005","status":"publish","type":"post","link":"https:\/\/mediarun.com\/pl\/media\/prasa\/kaczynski-czlowiekiem-roku-2005.html","title":{"rendered":"Kaczy\u0144ski Cz\u0142owiekiem Roku 2005"},"content":{"rendered":"<p>Wed\u0142ug Piotra Gabryela, zast\u0119pcy redaktora naczelnego &#8222;Wprostu&#8221; nie ma w\u0105tpliwo\u015bci, \u017ce w w 2005 roku cz\u0142owiekiem takim by\u0142 Jaros\u0142aw Kaczy\u0144ski, kt\u00f3ry okaza\u0142 si\u0119 dobrym stategiem partii i wsp\u00f3\u0142autorem sukcesu Lecha Kaczy\u0144skiego w wyborach prezydenckich. <\/p>\n<p>Sam Kaczy\u0144ski zauwa\u017cy\u0142, i\u017c przyznanie mu przez tygodnik &#8222;Wprost&#8221; tyu\u0142u Cz\u0142owieka Roku, to &#8222;akt odwagi i obiektywizmu&#8221;. Podkre\u015bli\u0142 tak\u017ce, \u017ce na \u0142amach &#8222;Wprostu&#8221; cz\u0119sto spotyka krytyczne komentarze pod adresem swojej partii i samego siebie. <\/p>\n<p>W uroczysto\u015bci uczestniczyli prezydent Lech Kaczy\u0144ski wraz z \u017con\u0105 i matk\u0105, premier Kazimierz Marcinkiewicz, Zbigniew Wassermann, byli premierzy Leszek Miller, J\u00f3zef Oleksy i Jan Krzysztof Bielecki. Jaros\u0142aw Kaczy\u0144ski jest 15. laureatem tytu\u0142u Cz\u0142owiek Roku. Rok temu otrzyma\u0142 go prezydent Ukrainy Wiktor Juszczenko. <\/p>\n<p>&#8211; Zawsze znajduje czas cho\u0107by na przyniesienie do domu zakup\u00f3w, kt\u00f3re w osiedlowym sklepiku zrobi\u0142a jego matka Jadwiga. &#8222;To nasz opiekun, bardzo czu\u0142y i kochaj\u0105cy. Za ka\u017cdym razem, gdy ma zamiar p\u00f3\u017ano wr\u00f3ci\u0107 do domu, uprzedza mnie przez telefon&#8221; &#8211; m\u00f3wi o Jaros\u0142awie Kaczy\u0144skim jego matka. W\u0142a\u015bciwie zawsze robi\u0142 co\u015b dla innych: dla rodzic\u00f3w, a potem matki, brata Lecha, jego c\u00f3rki. Tak\u017ce w polityce: najpierw dla robotnik\u00f3w &#8211; gdy dzia\u0142a\u0142 w KOR, a potem w &#8222;Solidarno\u015bci&#8221;, p\u00f3\u017aniej dla Lecha Wa\u0142\u0119sy czy Jana Olszewskiego. Jest skromny, troch\u0119 nie\u015bmia\u0142y, nie dba szczeg\u00f3lnie o wygl\u0105d, ma niewielkie potrzeby. Nigdy nie potrafi\u0142 zarobi\u0107 wi\u0119kszych pieni\u0119dzy, nie ma oszcz\u0119dno\u015bci. Stylem \u017cycia i charakterem najbardziej przypomina Walerego S\u0142awka, przedwojennego premiera, zaufanego marsza\u0142ka Pi\u0142sudskiego (S\u0142awek mieszka\u0142 w kawalerce, niczego si\u0119 nie dorobi\u0142, mimo \u017ce nale\u017ca\u0142 do elity II RP). Wzrusza si\u0119 podczas grania hymnu narodowego, jest troch\u0119 sentymentalny. Zwykle jest pogodny, wr\u0119cz tryska humorem. Odpoczywa przy muzyce, najcz\u0119\u015bciej klasycznej. Ale s\u0142ucha te\u017c przedwojennych szlagier\u00f3w, jednym z jego ulubionych jest &#8222;Ta ostatnia niedziela&#8221;. Ostatnio martwi si\u0119 swoj\u0105 wag\u0105 &#8211; przyznaje, \u017ce dobi\u0142 w\u0142a\u015bnie do 90 kilogram\u00f3w. &#8222;W ko\u0144cu to polityk wagi ci\u0119\u017ckiej&#8221; &#8211; usprawiedliwiaj\u0105 go \u017cartobliwie jego znajomi i wsp\u00f3\u0142pracownicy. W 2005 r. by\u0142 nawet politykiem wagi superci\u0119\u017ckiej. Nie ma w\u0105tpliwo\u015bci, \u017ce Jaros\u0142aw Kaczy\u0144ski by\u0142 tym, kt\u00f3ry w minionym roku mia\u0142 najwi\u0119kszy wp\u0142yw na bieg wydarze\u0144 w Polsce. &#8211; dlatego kolegium redakcyjne tygodnika &#8222;Wprost&#8221; przyzna\u0142o mu tytu\u0142 Cz\u0142owiek Roku 2005. <\/p>\n","protected":false},"excerpt":{"rendered":"Tygodnik &#8222;Wprost&#8221; przyzna\u0142 prezesowi Prawa i Sprawiedliwo\u015bci Jaros\u0142awowi Kaczy\u0144skiemu tytu\u0142 Cz\u0142owieka Roku 2005. Tytu\u0142 ten co roku przyznawany jest osobom, kt\u00f3re w ci\u0105gu ostatnich 12 miesi\u0119cy wywar\u0142y najwi\u0119kszy wp\u0142yw na wydarzenia w Polsce.","protected":false},"author":1,"featured_media":82681,"comment_status":"open","ping_status":"closed","sticky":false,"template":"","format":"standard","meta":{"csco_display_header_overlay":false,"csco_singular_sidebar":"","csco_page_header_type":"","csco_page_load_nextpost":"","csco_post_video_location":[],"csco_post_video_location_hash":"","csco_post_video_url":"","csco_post_video_bg_start_time":0,"csco_post_video_bg_end_time":0,"footnotes":""},"categories":[9673],"tags":[],"class_list":{"0":"post-82680","1":"post","2":"type-post","3":"status-publish","4":"format-standard","5":"has-post-thumbnail","7":"category-prasa","8":"cs-entry","9":"cs-video-wrap"},"_links":{"self":[{"href":"https:\/\/mediarun.com\/pl\/wp-json\/wp\/v2\/posts\/82680","targetHints":{"allow":["GET"]}}],"collection":[{"href":"https:\/\/mediarun.com\/pl\/wp-json\/wp\/v2\/posts"}],"about":[{"href":"https:\/\/mediarun.com\/pl\/wp-json\/wp\/v2\/types\/post"}],"author":[{"embeddable":true,"href":"https:\/\/mediarun.com\/pl\/wp-json\/wp\/v2\/users\/1"}],"replies":[{"embeddable":true,"href":"https:\/\/mediarun.com\/pl\/wp-json\/wp\/v2\/comments?post=82680"}],"version-history":[{"count":0,"href":"https:\/\/mediarun.com\/pl\/wp-json\/wp\/v2\/posts\/82680\/revisions"}],"wp:featuredmedia":[{"embeddable":true,"href":"https:\/\/mediarun.com\/pl\/wp-json\/wp\/v2\/media\/82681"}],"wp:attachment":[{"href":"https:\/\/mediarun.com\/pl\/wp-json\/wp\/v2\/media?parent=82680"}],"wp:term":[{"taxonomy":"category","embeddable":true,"href":"https:\/\/mediarun.com\/pl\/wp-json\/wp\/v2\/categories?post=82680"},{"taxonomy":"post_tag","embeddable":true,"href":"https:\/\/mediarun.com\/pl\/wp-json\/wp\/v2\/tags?post=82680"}],"curies":[{"name":"wp","href":"https:\/\/api.w.org\/{rel}","templated":true}]}}