{"id":82643,"date":"2006-01-06T14:01:59","date_gmt":"2006-01-06T13:01:59","guid":{"rendered":"https:\/\/mediarun.com\/index.php\/news-posts\/interwencje-reporterow-koloru\/"},"modified":"2006-01-06T14:01:59","modified_gmt":"2006-01-06T13:01:59","slug":"interwencje-reporterow-koloru","status":"publish","type":"post","link":"https:\/\/mediarun.com\/pl\/media\/radio\/interwencje-reporterow-koloru.html","title":{"rendered":"Interwencje reporter\u00f3w Koloru"},"content":{"rendered":"<p>&#8211; Interwencje to nic innego, jak zbli\u017cenie si\u0119 do naszego s\u0142uchacza &#8211; wyja\u015bnia nam Micha\u0142 Pierzcha\u0142a, szef dzia\u0142u informacji Radia Kolor. &#8211; W Warszawie taka forma w radiu nie jest cz\u0119sto praktykowana, a patrz\u0105c cho\u0107by na rozg\u0142o\u015bnie w innych miastach &#8211; odnosi tam spory skutek &#8211; dodaje.<\/p>\n<p>Szef anteny Radia Kolor, Przemys\u0142aw Sikorski m\u00f3wi nam, \u017ce stacja chce by\u0107 radiem, kt\u00f3re pomaga rozwi\u0105zywa\u0107 konkretne problemy odbiorc\u00f3w programu. &#8211; St\u0105d idea dzia\u0142a\u0144 interwencyjnych. Nie kreujemy problem\u00f3w tylko zajmowa\u0107 si\u0119 b\u0119dziemy rozwi\u0105zywaniem tych istniej\u0105cych w rzeczywisto\u015bci &#8211; zapewnia nas Przemys\u0142aw Sikorski.<\/p>\n<p>S\u0142uchacze ze swoimi problemami mog\u0105 pisa\u0107 na specjalnie uruchomiony adres e-mail interwencje@radiokolor.pl. &#8211; Jako radio mamy wi\u0119ksze mo\u017cliwo\u015bci reakcji i skuteczno\u015bci, no i st\u0105d pomys\u0142 na tak\u0105 koncepcj\u0119 &#8211; t\u0142umaczy nam Micha\u0142 Pierzcha\u0142a. W przypadku wi\u0119kszych interwencji Radio Kolor b\u0119dzie o ich informowa\u0107 nie tylko w wiadomo\u015bciach, ale r\u00f3wnie\u017c w blokach prezenter\u00f3w rozg\u0142o\u015bni.<\/p>\n<p>Interwencje s\u0105 drug\u0105 nowo\u015bciach w serwisach warszawskiego Koloru. &#8211; Jako jedyna stacja w mie\u015bcie (i my\u015bl\u0119, \u017ce nie tylko w Warszawie) emitujemy dziennie dwa premierowe kr\u00f3tkie reporta\u017ce &#8211; m\u00f3wi nam Micha\u0142 Pierzcha\u0142a. Trwaj\u0105 one ok. 80 sekund. &#8211; By\u0142a to odwa\u017cna decyzja, bo jak na wiadomo\u015bci &#8211; to bardzo d\u0142uga forma. Jednak spos\u00f3b ich przygotowania sprawa, \u017ce naprawd\u0119 s\u0142ucha si\u0119 tego dobrze &#8211; dodaje szef dzia\u0142u informacji Radia Kolor.<\/p>\n","protected":false},"excerpt":{"rendered":"Interwencje to nowy projekt warszawskiego Radia Kolor. Mieszka\u0144cy Warszawy mog\u0105 powiadomi\u0107 rozg\u0142o\u015bni\u0119 o swoich problemach z s\u0105siadami, sp\u00f3\u0142dzielni\u0105 czy bankiem. &#8211; Jeste\u015bmy radiem lokalnym i interesuje nas wszystko, co dotyczy Warszawy, miejsca zamieszkania naszych s\u0142uchaczy &#8211; m\u00f3wi nam Przemys\u0142aw Sikorski, szef anteny stacji.","protected":false},"author":1,"featured_media":82644,"comment_status":"open","ping_status":"closed","sticky":false,"template":"","format":"standard","meta":{"csco_display_header_overlay":false,"csco_singular_sidebar":"","csco_page_header_type":"","csco_page_load_nextpost":"","csco_post_video_location":[],"csco_post_video_location_hash":"","csco_post_video_url":"","csco_post_video_bg_start_time":0,"csco_post_video_bg_end_time":0,"footnotes":""},"categories":[9672],"tags":[],"class_list":{"0":"post-82643","1":"post","2":"type-post","3":"status-publish","4":"format-standard","5":"has-post-thumbnail","7":"category-radio","8":"cs-entry","9":"cs-video-wrap"},"_links":{"self":[{"href":"https:\/\/mediarun.com\/pl\/wp-json\/wp\/v2\/posts\/82643","targetHints":{"allow":["GET"]}}],"collection":[{"href":"https:\/\/mediarun.com\/pl\/wp-json\/wp\/v2\/posts"}],"about":[{"href":"https:\/\/mediarun.com\/pl\/wp-json\/wp\/v2\/types\/post"}],"author":[{"embeddable":true,"href":"https:\/\/mediarun.com\/pl\/wp-json\/wp\/v2\/users\/1"}],"replies":[{"embeddable":true,"href":"https:\/\/mediarun.com\/pl\/wp-json\/wp\/v2\/comments?post=82643"}],"version-history":[{"count":0,"href":"https:\/\/mediarun.com\/pl\/wp-json\/wp\/v2\/posts\/82643\/revisions"}],"wp:featuredmedia":[{"embeddable":true,"href":"https:\/\/mediarun.com\/pl\/wp-json\/wp\/v2\/media\/82644"}],"wp:attachment":[{"href":"https:\/\/mediarun.com\/pl\/wp-json\/wp\/v2\/media?parent=82643"}],"wp:term":[{"taxonomy":"category","embeddable":true,"href":"https:\/\/mediarun.com\/pl\/wp-json\/wp\/v2\/categories?post=82643"},{"taxonomy":"post_tag","embeddable":true,"href":"https:\/\/mediarun.com\/pl\/wp-json\/wp\/v2\/tags?post=82643"}],"curies":[{"name":"wp","href":"https:\/\/api.w.org\/{rel}","templated":true}]}}