{"id":82642,"date":"2006-01-06T15:43:04","date_gmt":"2006-01-06T14:43:04","guid":{"rendered":"https:\/\/mediarun.com\/index.php\/news-posts\/weglarczyk-w-nowym-programie-tvn24\/"},"modified":"2006-01-06T15:43:04","modified_gmt":"2006-01-06T14:43:04","slug":"weglarczyk-w-nowym-programie-tvn24","status":"publish","type":"post","link":"https:\/\/mediarun.com\/pl\/media\/tv\/weglarczyk-w-nowym-programie-tvn24.html","title":{"rendered":"W\u0119glarczyk w nowym programie TVN24"},"content":{"rendered":"<p>Ka\u017cdy temat z zakresu spraw mi\u0119dzynarodowych przedstawiony b\u0119dzie w reporta\u017cach przygotowywanych przez dziennikarzy TVN24. W studiu go\u015bci\u0107 b\u0119d\u0105 eksperci, publicy\u015bci, dyplomaci i politycy. <\/p>\n<p>Gospodarzem programu b\u0119dzie Maciej Wierzy\u0144ski, kt\u00f3ry od kilku miesi\u0119cy pe\u0142ni funkcj\u0119 zast\u0119pcy dyrektora programowego TVN24 ds. analiz i strategii. Dziennikarz by\u0142 redaktorem naczelnym nowojorskiego &#8222;Nowego Dziennika&#8221;. W Chicago pracowa\u0142 dla &#8222;Dziennika Zwi\u0105zkowego&#8221;. Za\u0142o\u017cy\u0142 tak\u017ce polonijn\u0105 telewizj\u0119 &#8222;Polvision&#8221;. Zwi\u0105zany by\u0142 z Radiem Wolna Europa. Kierowa\u0142 r\u00f3wnie\u017c Polsk\u0105 Sekcj\u0105 G\u0142osu Ameryka.<\/p>\n<p>Wsp\u00f3\u0142prowadz\u0105cym magazyn &#8222;Horyzont&#8221; b\u0119dzie Bartosz W\u0119glarczyk, publicysta &#8222;Gazety Wyborczej&#8221;. Wcze\u015bniej by\u0142 korespondentem w Moskwie i Waszyngtonie. &#8211; W\u0142a\u015bnie w Waszyngtonie pozna\u0142em W\u0119glarczyka i przekona\u0142em si\u0119, \u017ce nasze spojrzenie na dziennikarstwo jest w wielu punktach podobne &#8211; m\u00f3wi nam Maciej Wierzy\u0144ski, kt\u00f3ry t\u0142umaczy, \u017ce W\u0119glarczyk \u0142\u0105czy te\u017c do\u015bwiadczenie prasowe z umiej\u0119tno\u015bciami telewizyjnymi. &#8211; No i co nie najmniej wa\u017cne &#8211; jest sporo ode mnie m\u0142odszy, co stwarza nadzieje, \u017ce powstanie dobry, wzajemnie uzupe\u0142niaj\u0105cy si\u0119 duet &#8211; dodaje.<\/p>\n<p>&#8211; Zgodzi\u0142em si\u0119 wsp\u00f3\u0142prowadzi\u0107 program ze wzgl\u0119du na Macieja Wierzy\u0144skiego, kt\u00f3rego znam od lat i bardzo szanuje &#8211; t\u0142umaczy nam Bartosz W\u0119glarczyk. &#8211; Poza tym cenie TVN24 i lubi\u0119 t\u0119 stacj\u0119, wiec udzia\u0142 w takim przedsi\u0119wzi\u0119ciu jest dla mnie bardzo ciekawym wyzwaniem &#8211; dodaje dziennikarz &#8222;Gazety Wyborczej&#8221;.<\/p>\n<p>Bartosz W\u0119glarczyk by\u0142 do niedawna sta\u0142ym komentatorem programu TVN24 &#8222;Ca\u0142y ten \u015bwiat&#8221;. W\u0142a\u015bnie ten program zosta\u0142 zast\u0105piony przez magazyn mi\u0119dzynarodowy &#8222;Horyzont&#8221;. &#8211; Jako sta\u0142y go\u015b\u0107 programu &#8222;Ca\u0142y ten \u015bwiat&#8221; Grzegorza Miecugowa wyr\u00f3\u017cnia\u0142 si\u0119 zr\u00f3wnowa\u017conymi pogl\u0105dami i \u0142atwo\u015bci\u0105 w formu\u0142owaniu tez oraz szerok\u0105 wiedz\u0105 &#8211; wyja\u015bnia nam Dominika Owczarek z TVN24.<\/p>\n<p>W pierwszym wydaniu Bartosza W\u0119glarczyka zast\u0105pi Jacek Pa\u0142asi\u0144ski.<\/p>\n<p>&#8222;Horyzont&#8221; nadawany b\u0119dzie w soboty po godzinie 11, a powtarzany po godzinie 20.<\/p>\n","protected":false},"excerpt":{"rendered":"Razem z Maciejem Wierzy\u0144ski nowy magazyn mi\u0119dzynarodowy w TVN24 &#8222;Horyzont&#8221; poprowadzi Bartosz W\u0119glarczyk z &#8222;Gazety Wyborczej&#8221;. W programie, kt\u00f3ry zast\u0105pi &#8222;Ca\u0142y ten \u015bwiat&#8221; Grzegorza Miecugowa, omawiane b\u0119d\u0105 najwa\u017cniejsze \u015bwiatowe wydarzenia mijaj\u0105cego tygodnia.","protected":false},"author":1,"featured_media":0,"comment_status":"open","ping_status":"closed","sticky":false,"template":"","format":"standard","meta":{"csco_display_header_overlay":false,"csco_singular_sidebar":"","csco_page_header_type":"","csco_page_load_nextpost":"","csco_post_video_location":[],"csco_post_video_location_hash":"","csco_post_video_url":"","csco_post_video_bg_start_time":0,"csco_post_video_bg_end_time":0,"footnotes":""},"categories":[9670],"tags":[],"class_list":{"0":"post-82642","1":"post","2":"type-post","3":"status-publish","4":"format-standard","6":"category-tv","7":"cs-entry","8":"cs-video-wrap"},"_links":{"self":[{"href":"https:\/\/mediarun.com\/pl\/wp-json\/wp\/v2\/posts\/82642","targetHints":{"allow":["GET"]}}],"collection":[{"href":"https:\/\/mediarun.com\/pl\/wp-json\/wp\/v2\/posts"}],"about":[{"href":"https:\/\/mediarun.com\/pl\/wp-json\/wp\/v2\/types\/post"}],"author":[{"embeddable":true,"href":"https:\/\/mediarun.com\/pl\/wp-json\/wp\/v2\/users\/1"}],"replies":[{"embeddable":true,"href":"https:\/\/mediarun.com\/pl\/wp-json\/wp\/v2\/comments?post=82642"}],"version-history":[{"count":0,"href":"https:\/\/mediarun.com\/pl\/wp-json\/wp\/v2\/posts\/82642\/revisions"}],"wp:attachment":[{"href":"https:\/\/mediarun.com\/pl\/wp-json\/wp\/v2\/media?parent=82642"}],"wp:term":[{"taxonomy":"category","embeddable":true,"href":"https:\/\/mediarun.com\/pl\/wp-json\/wp\/v2\/categories?post=82642"},{"taxonomy":"post_tag","embeddable":true,"href":"https:\/\/mediarun.com\/pl\/wp-json\/wp\/v2\/tags?post=82642"}],"curies":[{"name":"wp","href":"https:\/\/api.w.org\/{rel}","templated":true}]}}