{"id":82640,"date":"2006-01-06T15:54:48","date_gmt":"2006-01-06T14:54:48","guid":{"rendered":"https:\/\/mediarun.com\/index.php\/news-posts\/slownik-biograficzny-tvp-i-pr\/"},"modified":"2006-01-06T15:54:48","modified_gmt":"2006-01-06T14:54:48","slug":"slownik-biograficzny-tvp-i-pr","status":"publish","type":"post","link":"https:\/\/mediarun.com\/pl\/media\/radio\/slownik-biograficzny-tvp-i-pr.html","title":{"rendered":"S\u0142ownik Biograficzny TVP i PR"},"content":{"rendered":"<p>Pomys\u0142odawc\u0105 przedsi\u0119wzi\u0119cia jest Micha\u0142 Komar.<\/p>\n<p>Mo\u017cliwo\u015b\u0107 prezentacji archiwali\u00f3w wideograficznych (ze zbior\u00f3w telewizyjnych) oraz fonograficznych (ze zbior\u00f3w radiowych) stwarza okazj\u0119 udost\u0119pnienia dokument\u00f3w historii, znajduj\u0105cych si\u0119 w zasobach Telewizji Polskiej i Polskiego Radia. <\/p>\n<p>Partnerem merytorycznym w tym projekcie jest tak\u017ce Instytut Historii Polskiej Akademii Nauk.<\/p>\n","protected":false},"excerpt":{"rendered":"Telewizja Polska i Polskie Radio rozpocz\u0119\u0142y wsp\u00f3\u0142prac\u0119, kt\u00f3rej celem jest udost\u0119pnienie &#8211; poprzez Internet &#8211; odbiorcom w Polsce i poza jej granicami, materia\u0142\u00f3w fonograficznych z archiwum Polskiego Radia. W ten spos\u00f3b powstanie Polski S\u0142ownik Biograficzny w Internecie.","protected":false},"author":1,"featured_media":82641,"comment_status":"open","ping_status":"closed","sticky":false,"template":"","format":"standard","meta":{"csco_display_header_overlay":false,"csco_singular_sidebar":"","csco_page_header_type":"","csco_page_load_nextpost":"","csco_post_video_location":[],"csco_post_video_location_hash":"","csco_post_video_url":"","csco_post_video_bg_start_time":0,"csco_post_video_bg_end_time":0,"footnotes":""},"categories":[9672],"tags":[],"class_list":{"0":"post-82640","1":"post","2":"type-post","3":"status-publish","4":"format-standard","5":"has-post-thumbnail","7":"category-radio","8":"cs-entry","9":"cs-video-wrap"},"_links":{"self":[{"href":"https:\/\/mediarun.com\/pl\/wp-json\/wp\/v2\/posts\/82640","targetHints":{"allow":["GET"]}}],"collection":[{"href":"https:\/\/mediarun.com\/pl\/wp-json\/wp\/v2\/posts"}],"about":[{"href":"https:\/\/mediarun.com\/pl\/wp-json\/wp\/v2\/types\/post"}],"author":[{"embeddable":true,"href":"https:\/\/mediarun.com\/pl\/wp-json\/wp\/v2\/users\/1"}],"replies":[{"embeddable":true,"href":"https:\/\/mediarun.com\/pl\/wp-json\/wp\/v2\/comments?post=82640"}],"version-history":[{"count":0,"href":"https:\/\/mediarun.com\/pl\/wp-json\/wp\/v2\/posts\/82640\/revisions"}],"wp:featuredmedia":[{"embeddable":true,"href":"https:\/\/mediarun.com\/pl\/wp-json\/wp\/v2\/media\/82641"}],"wp:attachment":[{"href":"https:\/\/mediarun.com\/pl\/wp-json\/wp\/v2\/media?parent=82640"}],"wp:term":[{"taxonomy":"category","embeddable":true,"href":"https:\/\/mediarun.com\/pl\/wp-json\/wp\/v2\/categories?post=82640"},{"taxonomy":"post_tag","embeddable":true,"href":"https:\/\/mediarun.com\/pl\/wp-json\/wp\/v2\/tags?post=82640"}],"curies":[{"name":"wp","href":"https:\/\/api.w.org\/{rel}","templated":true}]}}