{"id":82636,"date":"2006-01-06T17:46:48","date_gmt":"2006-01-06T16:46:48","guid":{"rendered":"https:\/\/mediarun.com\/index.php\/news-posts\/bedzie-radio-dla-bialorusi\/"},"modified":"2006-01-06T17:46:48","modified_gmt":"2006-01-06T16:46:48","slug":"bedzie-radio-dla-bialorusi","status":"publish","type":"post","link":"https:\/\/mediarun.com\/pl\/media\/radio\/bedzie-radio-dla-bialorusi.html","title":{"rendered":"B\u0119dzie radio dla Bia\u0142orusi"},"content":{"rendered":"<p>IAR poda\u0142, \u017ce premier podkre\u015bli\u0142, i\u017c nasza pomoc dla Bia\u0142orusi b\u0119dzie mia\u0142a charakter wieloletni i \u017ce b\u0119dzie trafia\u0142a do najbardziej potrzebuj\u0105cych. Marcinkiewicz doda\u0142, \u017ce w ramach tej pomocy Polska wy\u015ble na Bia\u0142oru\u015b obserwator\u00f3w, kt\u00f3rzy w marcu b\u0119d\u0105 monitorowa\u0107 wybory prezydenckie w tym kraju.<\/p>\n","protected":false},"excerpt":{"rendered":"Premier zapowiedzia\u0142, \u017ce radio dla Bia\u0142orusi zostanie uruchomione w ci\u0105gu najbli\u017cszych tygodni &#8211; poinformowa\u0142a Informacyjna Agencja Radiowa. Kazimierz Marcinkiewicz spotka\u0142 si\u0119 w Bia\u0142ymstoku z Aleksandrem Milinkiewiczem &#8211; kandydatem bia\u0142oruskiej opozycji na prezydenta.","protected":false},"author":1,"featured_media":0,"comment_status":"open","ping_status":"closed","sticky":false,"template":"","format":"standard","meta":{"csco_display_header_overlay":false,"csco_singular_sidebar":"","csco_page_header_type":"","csco_page_load_nextpost":"","csco_post_video_location":[],"csco_post_video_location_hash":"","csco_post_video_url":"","csco_post_video_bg_start_time":0,"csco_post_video_bg_end_time":0,"footnotes":""},"categories":[9672],"tags":[],"class_list":{"0":"post-82636","1":"post","2":"type-post","3":"status-publish","4":"format-standard","6":"category-radio","7":"cs-entry","8":"cs-video-wrap"},"_links":{"self":[{"href":"https:\/\/mediarun.com\/pl\/wp-json\/wp\/v2\/posts\/82636","targetHints":{"allow":["GET"]}}],"collection":[{"href":"https:\/\/mediarun.com\/pl\/wp-json\/wp\/v2\/posts"}],"about":[{"href":"https:\/\/mediarun.com\/pl\/wp-json\/wp\/v2\/types\/post"}],"author":[{"embeddable":true,"href":"https:\/\/mediarun.com\/pl\/wp-json\/wp\/v2\/users\/1"}],"replies":[{"embeddable":true,"href":"https:\/\/mediarun.com\/pl\/wp-json\/wp\/v2\/comments?post=82636"}],"version-history":[{"count":0,"href":"https:\/\/mediarun.com\/pl\/wp-json\/wp\/v2\/posts\/82636\/revisions"}],"wp:attachment":[{"href":"https:\/\/mediarun.com\/pl\/wp-json\/wp\/v2\/media?parent=82636"}],"wp:term":[{"taxonomy":"category","embeddable":true,"href":"https:\/\/mediarun.com\/pl\/wp-json\/wp\/v2\/categories?post=82636"},{"taxonomy":"post_tag","embeddable":true,"href":"https:\/\/mediarun.com\/pl\/wp-json\/wp\/v2\/tags?post=82636"}],"curies":[{"name":"wp","href":"https:\/\/api.w.org\/{rel}","templated":true}]}}