{"id":82616,"date":"2006-01-09T06:00:00","date_gmt":"2006-01-09T05:00:00","guid":{"rendered":"https:\/\/mediarun.com\/index.php\/news-posts\/europejski-futbol-w-tvp\/"},"modified":"2006-01-09T06:00:00","modified_gmt":"2006-01-09T05:00:00","slug":"europejski-futbol-w-tvp","status":"publish","type":"post","link":"https:\/\/mediarun.com\/pl\/media\/tv\/europejski-futbol-w-tvp.html","title":{"rendered":"Europejski futbol w TVP"},"content":{"rendered":"<p><P>w latach 2006-2009 &#8211; poinformowa\u0142 w pi\u0105tek cz\u0142onek zarz\u0105du Telewizji Polskiej Piotr Gawe\u0142.<\/P><br \/>\n<P>Umow\u0119 zawarto podczas renegocjacji kontraktu dotycz\u0105cego praw do transmisji mecz\u00f3w pi\u0142karskiej reprezentacji kraju. Rozmowy z w\u0142a\u015bcicielem praw &#8211; firm\u0105 SportFive &#8211; trwa\u0142y w sumie p\u00f3\u0142tora roku. Wed\u0142ug Gaw\u0142a zako\u0144czy\u0142y si\u0119 one sukcesem i TVP uzyska\u0142a &#8222;znacz\u0105co lepsze warunki finansowe&#8221;. <\/P><br \/>\n<P>Gawe\u0142 odm\u00f3wi\u0142 odpowiedzi na pytanie o szczeg\u00f3\u0142y kontraktu zas\u0142aniaj\u0105c si\u0119 tajemnic\u0105 handlow\u0105. Ujawnia\u0142 jedynie, \u017ce &#8222;chodzi o miliony z\u0142otych oszcz\u0119dno\u015bci&#8221;, kt\u00f3re TVP zamierza zainwestowa\u0107 mi\u0119dzy innymi w uruchomienie tematycznego kana\u0142u sportowego.<\/P><br \/>\n<P>Jednocze\u015bnie zapewni\u0142, \u017ce je\u015bli TVP zakupi prawa do transmisji mecz\u00f3w z tegorocznych mistrzostw \u015bwiata, b\u0119d\u0105 one transmitowane w kanale otwartym. W tej sprawie trwaj\u0105 negocjacje z niemieckim po\u015brednikiem, firm\u0105 Infront, kt\u00f3ra ma prawa do transmitowania w telewizji rozgrywek mistrzostw \u015bwiata, jednak wed\u0142ug TVP Niemcy \u017c\u0105daj\u0105 kwoty, kt\u00f3ra &#8222;znacz\u0105co przekracza cen\u0119 rynkow\u0105&#8221;.<\/P><br \/>\n<P>TVP chce te\u017c uruchomi\u0107 &#8211; wiosn\u0105 tego roku &#8211; tematyczny kana\u0142 sportowy. Jak poinformowa\u0142 szef kolegium sportowego TVP Robert Korzeniowski, projekt jest &#8222;dalece zaawansowany&#8221;, kompletowany jest zesp\u00f3\u0142 dziennikarski z\u0142o\u017cony zar\u00f3wno z pracownik\u00f3w centrali, jak i reporter\u00f3w sportowych o\u015brodk\u00f3w regionalnych.<\/P><br \/>\n<P>Uruchomienie kana\u0142u wymaga uzyskania koncesji od Krajowej Rady Radiofonii i Telewizji, kt\u00f3rej nowi cz\u0142onkowie wybrani zostan\u0105 prawdopodobnie dopiero w ko\u0144cu stycznia. Mo\u017ce to &#8211; zdaniem Piotra Gaw\u0142a &#8211; op\u00f3\u017ani\u0107 uruchomienie kana\u0142u sportowego.<\/P><\/p>\n","protected":false},"excerpt":{"rendered":"Telewizja Polska zawar\u0142a umow\u0119, na mocy kt\u00f3rej b\u0119dzie pokazywa\u0107 mecze polskich dru\u017cyn pi\u0142kraskich w europejskich pucharach&#8230;","protected":false},"author":1,"featured_media":82617,"comment_status":"open","ping_status":"closed","sticky":false,"template":"","format":"standard","meta":{"csco_display_header_overlay":false,"csco_singular_sidebar":"","csco_page_header_type":"","csco_page_load_nextpost":"","csco_post_video_location":[],"csco_post_video_location_hash":"","csco_post_video_url":"","csco_post_video_bg_start_time":0,"csco_post_video_bg_end_time":0,"footnotes":""},"categories":[9670],"tags":[],"class_list":{"0":"post-82616","1":"post","2":"type-post","3":"status-publish","4":"format-standard","5":"has-post-thumbnail","7":"category-tv","8":"cs-entry","9":"cs-video-wrap"},"_links":{"self":[{"href":"https:\/\/mediarun.com\/pl\/wp-json\/wp\/v2\/posts\/82616","targetHints":{"allow":["GET"]}}],"collection":[{"href":"https:\/\/mediarun.com\/pl\/wp-json\/wp\/v2\/posts"}],"about":[{"href":"https:\/\/mediarun.com\/pl\/wp-json\/wp\/v2\/types\/post"}],"author":[{"embeddable":true,"href":"https:\/\/mediarun.com\/pl\/wp-json\/wp\/v2\/users\/1"}],"replies":[{"embeddable":true,"href":"https:\/\/mediarun.com\/pl\/wp-json\/wp\/v2\/comments?post=82616"}],"version-history":[{"count":0,"href":"https:\/\/mediarun.com\/pl\/wp-json\/wp\/v2\/posts\/82616\/revisions"}],"wp:featuredmedia":[{"embeddable":true,"href":"https:\/\/mediarun.com\/pl\/wp-json\/wp\/v2\/media\/82617"}],"wp:attachment":[{"href":"https:\/\/mediarun.com\/pl\/wp-json\/wp\/v2\/media?parent=82616"}],"wp:term":[{"taxonomy":"category","embeddable":true,"href":"https:\/\/mediarun.com\/pl\/wp-json\/wp\/v2\/categories?post=82616"},{"taxonomy":"post_tag","embeddable":true,"href":"https:\/\/mediarun.com\/pl\/wp-json\/wp\/v2\/tags?post=82616"}],"curies":[{"name":"wp","href":"https:\/\/api.w.org\/{rel}","templated":true}]}}