{"id":8260,"date":"2012-02-20T14:06:17","date_gmt":"2012-02-20T13:06:17","guid":{"rendered":"https:\/\/mediarun.com\/index.php\/news-posts\/7-nowych-blogow-na-polityka-pl\/"},"modified":"2012-02-20T14:06:17","modified_gmt":"2012-02-20T13:06:17","slug":"7-nowych-blogow-na-polityka-pl","status":"publish","type":"post","link":"https:\/\/mediarun.com\/pl\/digital\/internet\/7-nowych-blogow-na-polityka-pl.html","title":{"rendered":"7 nowych blog\u00f3w na Polityka.pl"},"content":{"rendered":"<p>Filozof i etyk, prof. Jan Hartman, b\u0119dzie komentowa\u0142 bie\u017c\u0105ce wydarzenia polityczne i spo\u0142eczne. Publicystycznym prze\u015bwietlaniem rzeczywisto\u015bci kraju zajmie si\u0119 r&oacute;wnie\u017c prof. Tomasz Szlendak. &#8211; Postaram si\u0119 komentowa\u0107 zbiorowe wyczyny Polak&oacute;w i innych, mniej ekstraordynaryjnych nacji &#8211; zapowiada autor w pierwszej notce. Grono bloger&oacute;w-publicyst&oacute;w uzupe\u0142nia Jaros\u0142aw Makowski, dziennikarz i autor ksi\u0105\u017cek o religii i ko\u015bciele, a tak\u017ce szef politycznego think tanku Instytut Obywatelski.<\/p>\n<p>Polityka przygotowa\u0142a r&oacute;wnie\u017c cztery blogi tematyczne. Wojciech Zalewski, na co dzie\u0144 pracownik naukowy i biolog molekularny, zajmie si\u0119 skomplikowan\u0105, kontrowersyjn\u0105 lecz fascynuj\u0105c\u0105 tematyk\u0105 technologii modyfikacji genetycznych GMO. Jak zapowiada tytu\u0142 bloga, b\u0119dzie to &#8222;GMObiektywne&#8221; przedstawienie sprawy. Tomasz Kasprowicz, ekonomista teoretyk i praktyk, b\u0119dzie pisa\u0142 &#8222;o gospodarce okiem przedsi\u0119biorcy&#8221;. Sebastian Fr\u0105ckiewicz, krytyk i znawca popkultury, bloguje o swej pasji, czyli komiksie i opowiadaniu obrazem. Z kolei Piotr Sarzy\u0144ski, krytyk sztuki i dziennikarz Polityki, na blogu &#8222;Wrzask w przestrzeni&#8221; b\u0119dzie kontynuowa\u0142 sw\u0105 walk\u0119 o \u0142ad i estetyk\u0119 w przestrzeni publicznej, zapocz\u0105tkowan\u0105 g\u0142o\u015bn\u0105 ju\u017c ksi\u0105\u017ck\u0105 pod tym samym tytu\u0142em, a tak\u017ce plebiscytem na Architektoniczne Arcydzie\u0142o i Arcymaszkar\u0119, kt&oacute;ry cieszy\u0142 si\u0119 ogromnym powodzeniem w\u015br&oacute;d naszych czytelnik&oacute;w.<\/p>\n<p>Nowe blogi znale\u017a\u0107 mo\u017cna na stronie <a rel=\"nofollow noopener\" href=\"http:\/\/www.polityka.pl\/blogi\" target=\"_blank\">www.polityka.pl\/blogi<\/a>. Znajduj\u0105 si\u0119 tam r&oacute;wnie\u017c aktywne internetowe dzienniki publicyst&oacute;w Polityki &#8211; m.in. Janiny Paradowskiej, Daniela Passent, Adama Szostkiewicza, a tak\u017ce 20 innych blog&oacute;w tematycznych (m.in. o gospodarce, muzyce popularnej, filmach, gotowaniu, literaturze dla dzieci).<\/p>\n","protected":false},"excerpt":{"rendered":"Grono autor&oacute;w prowadz\u0105cych blogi na stronie internetowej Polityki po raz kolejny powi\u0119kszy\u0142o si\u0119 o nowe osoby.","protected":false},"author":1,"featured_media":8261,"comment_status":"open","ping_status":"closed","sticky":false,"template":"","format":"standard","meta":{"csco_display_header_overlay":false,"csco_singular_sidebar":"","csco_page_header_type":"","csco_page_load_nextpost":"","csco_post_video_location":[],"csco_post_video_location_hash":"","csco_post_video_url":"","csco_post_video_bg_start_time":0,"csco_post_video_bg_end_time":0,"footnotes":""},"categories":[9676],"tags":[767],"class_list":{"0":"post-8260","1":"post","2":"type-post","3":"status-publish","4":"format-standard","5":"has-post-thumbnail","7":"category-internet","8":"tag-polityka","9":"cs-entry","10":"cs-video-wrap"},"_links":{"self":[{"href":"https:\/\/mediarun.com\/pl\/wp-json\/wp\/v2\/posts\/8260","targetHints":{"allow":["GET"]}}],"collection":[{"href":"https:\/\/mediarun.com\/pl\/wp-json\/wp\/v2\/posts"}],"about":[{"href":"https:\/\/mediarun.com\/pl\/wp-json\/wp\/v2\/types\/post"}],"author":[{"embeddable":true,"href":"https:\/\/mediarun.com\/pl\/wp-json\/wp\/v2\/users\/1"}],"replies":[{"embeddable":true,"href":"https:\/\/mediarun.com\/pl\/wp-json\/wp\/v2\/comments?post=8260"}],"version-history":[{"count":0,"href":"https:\/\/mediarun.com\/pl\/wp-json\/wp\/v2\/posts\/8260\/revisions"}],"wp:featuredmedia":[{"embeddable":true,"href":"https:\/\/mediarun.com\/pl\/wp-json\/wp\/v2\/media\/8261"}],"wp:attachment":[{"href":"https:\/\/mediarun.com\/pl\/wp-json\/wp\/v2\/media?parent=8260"}],"wp:term":[{"taxonomy":"category","embeddable":true,"href":"https:\/\/mediarun.com\/pl\/wp-json\/wp\/v2\/categories?post=8260"},{"taxonomy":"post_tag","embeddable":true,"href":"https:\/\/mediarun.com\/pl\/wp-json\/wp\/v2\/tags?post=8260"}],"curies":[{"name":"wp","href":"https:\/\/api.w.org\/{rel}","templated":true}]}}