{"id":82587,"date":"2006-01-09T09:24:39","date_gmt":"2006-01-09T08:24:39","guid":{"rendered":"https:\/\/mediarun.com\/index.php\/news-posts\/napierala-dyr-d-linka-na-europe-wschodnia\/"},"modified":"2006-01-09T09:24:39","modified_gmt":"2006-01-09T08:24:39","slug":"napierala-dyr-d-linka-na-europe-wschodnia","status":"publish","type":"post","link":"https:\/\/mediarun.com\/pl\/digital\/internet\/napierala-dyr-d-linka-na-europe-wschodnia.html","title":{"rendered":"Napiera\u0142a dyr. D-Linka na Europ\u0119 Wschodni\u0105"},"content":{"rendered":"<p>Na nowym stanowisku Napiera\u0142a b\u0119dzie odpowiedzialny za nadzorowanie sprzeda\u017cy, dzia\u0142a\u0144 marketingowych, obs\u0142ugi klienta oraz wdra\u017canie strategii firmy w ca\u0142ym regionie Europy Wschodniej. Decyzja o nominacji zapad\u0142a w zwi\u0105zku z dynamicznym rozwojem D-Linka na polskim rynku podczas 4 lat zarz\u0105dzania polskim oddzia\u0142em firmy przez Napiera\u0142\u0119. W tym czasie firma osi\u0105gn\u0119\u0142a kilkusetprocentowy wzrost obrot\u00f3w, a marka D-Link zyska\u0142a istotn\u0105 pozycj\u0119 na rynku nowych technologii.<\/p>\n<p>Roman Napiera\u0142a jest zwi\u0105zany z bran\u017c\u0105 IT od ponad 10 lat. Przez ostatnie 3 lata kierowa\u0142 polskim biurem D-Linka. Wcze\u015bniej przez 4 lata pracowa\u0142 w firmie 3COM, na stanowiskach channel marketing managera a nast\u0119pnie regional marketing managera. Jest \u017conaty, ma 4-letniego syna. Interesuje si\u0119 sztuk\u0105 nowoczesn\u0105 oraz regionaln\u0105 muzyk\u0105 azjatyck\u0105. <\/p>\n<p>Nominacja Napiera\u0142y to nie jedyna zmiana w D-Linku. Nowe stanowisko obj\u0105\u0142 te\u017c Micha\u0142 Derdzikowski, kt\u00f3ry od stycznia pe\u0142ni funkcj\u0119 mened\u017cera ds. sprzeda\u017cy kana\u0142u dystrybucyjnego. Do jego obowi\u0105zk\u00f3w nale\u017ce\u0107 b\u0119dzie wspieranie sprzeda\u017cy firmy w segmencie dystrybutorskim i resellerskim. Derdzikowski do tej pory pracowa\u0142 w D-linku na stanowisku managera ds. kluczowych klient\u00f3w. Z bran\u017c\u0105 IT zwi\u0105zany jest od 1999 roku. Karier\u0119 zawodow\u0105 rozpoczyna\u0142 w RCC Poland. W D-Linku pracuje od 2 lat. <\/p>\n","protected":false},"excerpt":{"rendered":"Roman Napiera\u0142a, dotychczasowy dyrektor zarz\u0105dzaj\u0105cy D-Link Polska, od stycznia obj\u0105\u0142 stanowisko dyrektora zarz\u0105dzaj\u0105cego firmy w Europie Wschodniej. Do jego obowi\u0105zk\u00f3w nale\u017cy teraz koordynacja dzia\u0142a\u0144 D-Linka w ca\u0142ym regionie obejmuj\u0105cym 10 kraj\u00f3w &#8211; Polsk\u0119, Czechy, S\u0142owacj\u0119, S\u0142oweni\u0119, Chorwacj\u0119, W\u0119gry, Jugos\u0142awi\u0119, Macedoni\u0119, Rumuni\u0119 i Bu\u0142gari\u0119.","protected":false},"author":1,"featured_media":0,"comment_status":"open","ping_status":"closed","sticky":false,"template":"","format":"standard","meta":{"csco_display_header_overlay":false,"csco_singular_sidebar":"","csco_page_header_type":"","csco_page_load_nextpost":"","csco_post_video_location":[],"csco_post_video_location_hash":"","csco_post_video_url":"","csco_post_video_bg_start_time":0,"csco_post_video_bg_end_time":0,"footnotes":""},"categories":[9676],"tags":[],"class_list":{"0":"post-82587","1":"post","2":"type-post","3":"status-publish","4":"format-standard","6":"category-internet","7":"cs-entry","8":"cs-video-wrap"},"_links":{"self":[{"href":"https:\/\/mediarun.com\/pl\/wp-json\/wp\/v2\/posts\/82587","targetHints":{"allow":["GET"]}}],"collection":[{"href":"https:\/\/mediarun.com\/pl\/wp-json\/wp\/v2\/posts"}],"about":[{"href":"https:\/\/mediarun.com\/pl\/wp-json\/wp\/v2\/types\/post"}],"author":[{"embeddable":true,"href":"https:\/\/mediarun.com\/pl\/wp-json\/wp\/v2\/users\/1"}],"replies":[{"embeddable":true,"href":"https:\/\/mediarun.com\/pl\/wp-json\/wp\/v2\/comments?post=82587"}],"version-history":[{"count":0,"href":"https:\/\/mediarun.com\/pl\/wp-json\/wp\/v2\/posts\/82587\/revisions"}],"wp:attachment":[{"href":"https:\/\/mediarun.com\/pl\/wp-json\/wp\/v2\/media?parent=82587"}],"wp:term":[{"taxonomy":"category","embeddable":true,"href":"https:\/\/mediarun.com\/pl\/wp-json\/wp\/v2\/categories?post=82587"},{"taxonomy":"post_tag","embeddable":true,"href":"https:\/\/mediarun.com\/pl\/wp-json\/wp\/v2\/tags?post=82587"}],"curies":[{"name":"wp","href":"https:\/\/api.w.org\/{rel}","templated":true}]}}