{"id":82586,"date":"2006-01-09T09:27:05","date_gmt":"2006-01-09T08:27:05","guid":{"rendered":"https:\/\/mediarun.com\/index.php\/news-posts\/filozofia-z-tvp-w-tygodniku-powszechnym\/"},"modified":"2006-01-09T09:27:05","modified_gmt":"2006-01-09T08:27:05","slug":"filozofia-z-tvp-w-tygodniku-powszechnym","status":"publish","type":"post","link":"https:\/\/mediarun.com\/pl\/media\/prasa\/filozofia-z-tvp-w-tygodniku-powszechnym.html","title":{"rendered":"Filozofia z TVP w Tygodniku Powszechnym"},"content":{"rendered":"<p>Pierwszy, kt\u00f3rego bohaterem jest Immanuel Kant, uka\u017ce si\u0119 w 3 numerze &#8222;Tygodnika Powszechnego&#8221; &#8211; w kioskach od 9 stycznia.<\/p>\n<p> &#8222;Tygodnik Powszechny&#8221; og\u0142asza te\u017c WIELKI KONKURS FILOZOFICZNY, w kt\u00f3rym nagrodami dla Czytelnik\u00f3w s\u0105 ksi\u0105\u017cki z wyk\u0142adami prof. L. Ko\u0142akowskiego.<\/p>\n<p> Cykl, kt\u00f3rego pomys\u0142odawc\u0105 i re\u017cyserem jest Jerzy Markuszewski, wyprodukowany zosta\u0142 na zlecenie 2 Programu TVP S.A. przez firm\u0119 Euromedia TV.  <\/p>\n","protected":false},"excerpt":{"rendered":"Ciesz\u0105ce si\u0119 du\u017cym zainteresowaniem telewizyjne wyk\u0142ady prof. Leszka Ko\u0142akowskiego pt.: &#8222;O co pytaj\u0105 nas wielcy filozofowie&#8221; wracaj\u0105 ponownie na \u0142amy &#8222;Tygodnika Powszechnego&#8221;. To ju\u017c trzecia seria, sk\u0142adaj\u0105ca si\u0119 z dziesi\u0119ciu wyk\u0142ad\u00f3w, kt\u00f3re ukazywa\u0107 si\u0119 b\u0119d\u0105 co dwa tygodnie. Czytelnicy b\u0119d\u0105 mogli najpierw zapozna\u0107 si\u0119 z wyk\u0142adami w &#8222;Tygodniku&#8221;, a nast\u0119pnie obejrze\u0107 je w TVP.","protected":false},"author":1,"featured_media":0,"comment_status":"open","ping_status":"closed","sticky":false,"template":"","format":"standard","meta":{"csco_display_header_overlay":false,"csco_singular_sidebar":"","csco_page_header_type":"","csco_page_load_nextpost":"","csco_post_video_location":[],"csco_post_video_location_hash":"","csco_post_video_url":"","csco_post_video_bg_start_time":0,"csco_post_video_bg_end_time":0,"footnotes":""},"categories":[9673],"tags":[],"class_list":{"0":"post-82586","1":"post","2":"type-post","3":"status-publish","4":"format-standard","6":"category-prasa","7":"cs-entry","8":"cs-video-wrap"},"_links":{"self":[{"href":"https:\/\/mediarun.com\/pl\/wp-json\/wp\/v2\/posts\/82586","targetHints":{"allow":["GET"]}}],"collection":[{"href":"https:\/\/mediarun.com\/pl\/wp-json\/wp\/v2\/posts"}],"about":[{"href":"https:\/\/mediarun.com\/pl\/wp-json\/wp\/v2\/types\/post"}],"author":[{"embeddable":true,"href":"https:\/\/mediarun.com\/pl\/wp-json\/wp\/v2\/users\/1"}],"replies":[{"embeddable":true,"href":"https:\/\/mediarun.com\/pl\/wp-json\/wp\/v2\/comments?post=82586"}],"version-history":[{"count":0,"href":"https:\/\/mediarun.com\/pl\/wp-json\/wp\/v2\/posts\/82586\/revisions"}],"wp:attachment":[{"href":"https:\/\/mediarun.com\/pl\/wp-json\/wp\/v2\/media?parent=82586"}],"wp:term":[{"taxonomy":"category","embeddable":true,"href":"https:\/\/mediarun.com\/pl\/wp-json\/wp\/v2\/categories?post=82586"},{"taxonomy":"post_tag","embeddable":true,"href":"https:\/\/mediarun.com\/pl\/wp-json\/wp\/v2\/tags?post=82586"}],"curies":[{"name":"wp","href":"https:\/\/api.w.org\/{rel}","templated":true}]}}