{"id":82579,"date":"2006-01-09T09:43:01","date_gmt":"2006-01-09T08:43:01","guid":{"rendered":"https:\/\/mediarun.com\/index.php\/news-posts\/tvp-zyskala-srodki-na-tvp-sport\/"},"modified":"2006-01-09T09:43:01","modified_gmt":"2006-01-09T08:43:01","slug":"tvp-zyskala-srodki-na-tvp-sport","status":"publish","type":"post","link":"https:\/\/mediarun.com\/pl\/media\/tv\/tvp-zyskala-srodki-na-tvp-sport.html","title":{"rendered":"TVP zyska\u0142a \u015brodki na TVP Sport"},"content":{"rendered":"<p>&#8211; Zawarcie umowy z TVP to dobra wiadomo\u015b\u0107 dla sympatyk\u00f3w pi\u0142ki no\u017cnej, najpopularniejszej dyscypliny &#8211; powiedzia\u0142 Andrzej Placzy\u0144ski, prezes Sportfive Polska. Oznacza r\u00f3wnie\u017c, \u017ce TVP jest dla nas wa\u017cnym partnerem. <\/p>\n<p>&#8211; Do\u0142o\u017c\u0119 wszelkich stara\u0144, by Mistrzostwa \u015awiata by\u0142y w Telewizji Polskiej &#8211; wyja\u015bni\u0142 Piotr Gawe\u0142. Chcieliby\u015bmy, \u017ceby telewizja publiczna pokaza\u0142a wi\u0119kszo\u015b\u0107 spotka\u0144. Dopuszczamy jednak mo\u017cliwo\u015b\u0107 transmisji imprezy ze stacj\u0105 komercyjn\u0105. Firma Infront obni\u017cy\u0142a warto\u015b\u0107 licencji. Jednak w dalszym ci\u0105gu nie jest ona dostosowana do warto\u015bci rynkowej. Je\u015bli na 3 miesi\u0105ce przez Mundialem TVP nie osi\u0105gnie porozumienia z Infrontem zwr\u00f3cimy si\u0119 o pomoc do FIFA. <\/p>\n<p>Pada\u0142y tak\u017ce pytania dotycz\u0105ce ram\u00f3wki projektowanego kana\u0142u TVP Sport. W opinii Roberta Korzeniowskiego &#8211; przewodnicz\u0105cego Kolegium Sportowego TVP S.A. kana\u0142 ten pozwoli na lepsze wykorzystanie licencji i prezentacj\u0119 sportu krajowego.<\/p>\n","protected":false},"excerpt":{"rendered":"Dzi\u0119ki nowej umowie ze SportFive TVP uzyska\u0142a znacz\u0105ce oszcz\u0119dno\u015bci, kt\u00f3re zostan\u0105 przeznaczone na kupno praw do pokazywania innych dyscyplin sportu, a tak\u017ce na powstanie kana\u0142u TVP Sport.  Telewizja publiczna zamierza nadal mocno stara\u0107 si\u0119 o zyskanie praw do transmisji z mundialu.","protected":false},"author":1,"featured_media":82580,"comment_status":"open","ping_status":"closed","sticky":false,"template":"","format":"standard","meta":{"csco_display_header_overlay":false,"csco_singular_sidebar":"","csco_page_header_type":"","csco_page_load_nextpost":"","csco_post_video_location":[],"csco_post_video_location_hash":"","csco_post_video_url":"","csco_post_video_bg_start_time":0,"csco_post_video_bg_end_time":0,"footnotes":""},"categories":[9670],"tags":[],"class_list":{"0":"post-82579","1":"post","2":"type-post","3":"status-publish","4":"format-standard","5":"has-post-thumbnail","7":"category-tv","8":"cs-entry","9":"cs-video-wrap"},"_links":{"self":[{"href":"https:\/\/mediarun.com\/pl\/wp-json\/wp\/v2\/posts\/82579","targetHints":{"allow":["GET"]}}],"collection":[{"href":"https:\/\/mediarun.com\/pl\/wp-json\/wp\/v2\/posts"}],"about":[{"href":"https:\/\/mediarun.com\/pl\/wp-json\/wp\/v2\/types\/post"}],"author":[{"embeddable":true,"href":"https:\/\/mediarun.com\/pl\/wp-json\/wp\/v2\/users\/1"}],"replies":[{"embeddable":true,"href":"https:\/\/mediarun.com\/pl\/wp-json\/wp\/v2\/comments?post=82579"}],"version-history":[{"count":0,"href":"https:\/\/mediarun.com\/pl\/wp-json\/wp\/v2\/posts\/82579\/revisions"}],"wp:featuredmedia":[{"embeddable":true,"href":"https:\/\/mediarun.com\/pl\/wp-json\/wp\/v2\/media\/82580"}],"wp:attachment":[{"href":"https:\/\/mediarun.com\/pl\/wp-json\/wp\/v2\/media?parent=82579"}],"wp:term":[{"taxonomy":"category","embeddable":true,"href":"https:\/\/mediarun.com\/pl\/wp-json\/wp\/v2\/categories?post=82579"},{"taxonomy":"post_tag","embeddable":true,"href":"https:\/\/mediarun.com\/pl\/wp-json\/wp\/v2\/tags?post=82579"}],"curies":[{"name":"wp","href":"https:\/\/api.w.org\/{rel}","templated":true}]}}