{"id":82572,"date":"2006-01-09T10:28:32","date_gmt":"2006-01-09T09:28:32","guid":{"rendered":"https:\/\/mediarun.com\/index.php\/news-posts\/liderzy-pis-w-radiu-maryja\/"},"modified":"2006-01-09T10:28:32","modified_gmt":"2006-01-09T09:28:32","slug":"liderzy-pis-w-radiu-maryja","status":"publish","type":"post","link":"https:\/\/mediarun.com\/pl\/media\/radio\/liderzy-pis-w-radiu-maryja.html","title":{"rendered":"Liderzy PiS w Radiu Maryja"},"content":{"rendered":"<p>S\u0142uchacz p. Rados\u0142aw: &#8211; Z rado\u015bci\u0105 i nadziejami powitali\u015bmy rz\u0105d Kazimierza Marcinkiewicza. Ale teraz z tymi nadziejami gorzej, bo to troch\u0119 nieoczekiwany ruch ze strony pana premiera &#8211; powo\u0142anie pani Zyty Gilowskiej. Wicepremierem w prawicowym rz\u0105dzie Polski solidarnej ma by\u0107 osoba, kt\u00f3ra by\u0142a fundamentem liberalizmu. To troszk\u0119 niezrozumia\u0142e dla wielu ludzi. Czy zamierza pan prezes i\u015b\u0107 w kierunku koalicji z PO? W to trudno uwierzy\u0107. <\/p>\n<p>Jaros\u0142aw Kaczy\u0144ski: &#8211; Odwo\u0142am si\u0119 do ewangelii. Z jednego nawr\u00f3conego grzesznika wi\u0119ksza rado\u015b\u0107 w niebie ni\u017c z 99 sprawiedliwych. Tu mamy do czynienia z takim aktem zmiany, je\u015bli chodzi o pogl\u0105dy ekonomiczne i polityczne. (&#8230;) Je\u015bli chodzi o koalicj\u0119 z Platform\u0105. W imi\u0119 interesu Polski nie odrzucamy \u017cadnej koalicji, ale nie s\u0105dz\u0119, \u017ceby nasza decyzja by\u0142a przez Donalda Tuska odebrana jako krok ku koalicji. Dzisiejsze o\u015bwiadczenie przewodnicz\u0105cego PO nie pozostawia w\u0105tpliwo\u015bci &#8211; on uzna\u0142, \u017ce to krok w zupe\u0142nie innym kierunku. I by\u0107 mo\u017ce mia\u0142 racj\u0119. <\/p>\n<p>&#8211; Na zako\u0144czenie ze studiem po\u0142\u0105czy\u0142 si\u0119 sam ojciec Tadeusz Rydzyk. Dzi\u0119kowa\u0142 za przybycie do Torunia i za &#8222;gotowo\u015b\u0107 rozm\u00f3w z normalnymi lud\u017ami&#8221;. &#8211; pisze &#8222;Rzeczpospolita&#8221;<\/p>\n","protected":false},"excerpt":{"rendered":"&#8211; Prezes PiS Jaros\u0142aw Kaczy\u0144ski przez kilka godzin rozmawia\u0142 ze s\u0142uchaczami i widzami Radia Maryja i telewizji Trwam. Towarzyszy\u0142 mu koordynator s\u0142u\u017cb specjalnych Zbigniew Wassermann. &#8211; czytamy w &#8222;Rzeczpospolitej&#8221;","protected":false},"author":1,"featured_media":0,"comment_status":"open","ping_status":"closed","sticky":false,"template":"","format":"standard","meta":{"csco_display_header_overlay":false,"csco_singular_sidebar":"","csco_page_header_type":"","csco_page_load_nextpost":"","csco_post_video_location":[],"csco_post_video_location_hash":"","csco_post_video_url":"","csco_post_video_bg_start_time":0,"csco_post_video_bg_end_time":0,"footnotes":""},"categories":[9672],"tags":[],"class_list":{"0":"post-82572","1":"post","2":"type-post","3":"status-publish","4":"format-standard","6":"category-radio","7":"cs-entry","8":"cs-video-wrap"},"_links":{"self":[{"href":"https:\/\/mediarun.com\/pl\/wp-json\/wp\/v2\/posts\/82572","targetHints":{"allow":["GET"]}}],"collection":[{"href":"https:\/\/mediarun.com\/pl\/wp-json\/wp\/v2\/posts"}],"about":[{"href":"https:\/\/mediarun.com\/pl\/wp-json\/wp\/v2\/types\/post"}],"author":[{"embeddable":true,"href":"https:\/\/mediarun.com\/pl\/wp-json\/wp\/v2\/users\/1"}],"replies":[{"embeddable":true,"href":"https:\/\/mediarun.com\/pl\/wp-json\/wp\/v2\/comments?post=82572"}],"version-history":[{"count":0,"href":"https:\/\/mediarun.com\/pl\/wp-json\/wp\/v2\/posts\/82572\/revisions"}],"wp:attachment":[{"href":"https:\/\/mediarun.com\/pl\/wp-json\/wp\/v2\/media?parent=82572"}],"wp:term":[{"taxonomy":"category","embeddable":true,"href":"https:\/\/mediarun.com\/pl\/wp-json\/wp\/v2\/categories?post=82572"},{"taxonomy":"post_tag","embeddable":true,"href":"https:\/\/mediarun.com\/pl\/wp-json\/wp\/v2\/tags?post=82572"}],"curies":[{"name":"wp","href":"https:\/\/api.w.org\/{rel}","templated":true}]}}