{"id":82558,"date":"2006-01-09T22:36:01","date_gmt":"2006-01-09T21:36:01","guid":{"rendered":"https:\/\/mediarun.com\/index.php\/news-posts\/zmiany-w-radiu-kolor-2\/"},"modified":"2006-01-09T22:36:01","modified_gmt":"2006-01-09T21:36:01","slug":"zmiany-w-radiu-kolor-2","status":"publish","type":"post","link":"https:\/\/mediarun.com\/pl\/media\/radio\/zmiany-w-radiu-kolor-2.html","title":{"rendered":"Zmiany w Radiu Kolor"},"content":{"rendered":"<p>Ma\u0142gorzata Owczarek oficjalnie nie pracuje ju\u017c w Radiu Kolor, cho\u0107, jak sama przyznaje, ma pojawi\u0107 si\u0119 jeszcze na kilku dy\u017curach w najbli\u017cszych tygodniach. &#8211; Po ponad 6 latach wsp\u00f3\u0142pracy radio postanowi\u0142o rozsta\u0107 si\u0119 ze mn\u0105 i zrezygnowa\u0142o zar\u00f3wno z moich program\u00f3w jak i z prowadzenia przeze mnie radiowej strony www &#8211; m\u00f3wi nam prezenterka. &#8211; Na razie jestem na urlopie, p\u00f3\u017aniej mam okres wypowiedzenia i w tym czasie zamierzam przede wszystkim odpocz\u0105\u0107 i odreagowa\u0107 do\u015b\u0107 nerwow\u0105 ostatnio sytuacj\u0119 w radiu &#8211; dodaje Owczarek.<\/p>\n<p>S\u0142awomir Grodzi\u0144ski w Radiu Kolor prowadzi\u0142 wieczorne pasmo. W zwi\u0105zku z tym, \u017ce rozg\u0142o\u015bnia zako\u0144czy\u0142a z dziennikarzem wsp\u00f3\u0142prac\u0119, zmianie ulega nie co ram\u00f3wka stacji. Aleksander Rogozi\u0144ski prowadzi teraz program mi\u0119dzy godzin\u0105 18, a 22. Gospodarzem dotychczasowego pasma Rogozi\u0144skiego (od 22 do 24) jest Mariusz Abramowicz.<\/p>\n","protected":false},"excerpt":{"rendered":"Radio Kolor zako\u0144czy\u0142o wsp\u00f3\u0142prac\u0119 z dwoma prezenterami &#8211; Ma\u0142gorzat\u0105 Owczarek i S\u0142awomirem Grodzi\u0144skim. Szef anteny rozg\u0142o\u015bni, Przemys\u0142aw Sikorski t\u0142umaczy nam, \u017ce jest to spowodowane racjonalizacj\u0105 wykorzystania czasu pracy DJ-\u00f3w. &#8211; Oraz dopasowaniem ich osobowo\u015bci do og\u00f3lnej wizji programu Koloru &#8211; dodaje.","protected":false},"author":1,"featured_media":82559,"comment_status":"open","ping_status":"closed","sticky":false,"template":"","format":"standard","meta":{"csco_display_header_overlay":false,"csco_singular_sidebar":"","csco_page_header_type":"","csco_page_load_nextpost":"","csco_post_video_location":[],"csco_post_video_location_hash":"","csco_post_video_url":"","csco_post_video_bg_start_time":0,"csco_post_video_bg_end_time":0,"footnotes":""},"categories":[9672],"tags":[],"class_list":{"0":"post-82558","1":"post","2":"type-post","3":"status-publish","4":"format-standard","5":"has-post-thumbnail","7":"category-radio","8":"cs-entry","9":"cs-video-wrap"},"_links":{"self":[{"href":"https:\/\/mediarun.com\/pl\/wp-json\/wp\/v2\/posts\/82558","targetHints":{"allow":["GET"]}}],"collection":[{"href":"https:\/\/mediarun.com\/pl\/wp-json\/wp\/v2\/posts"}],"about":[{"href":"https:\/\/mediarun.com\/pl\/wp-json\/wp\/v2\/types\/post"}],"author":[{"embeddable":true,"href":"https:\/\/mediarun.com\/pl\/wp-json\/wp\/v2\/users\/1"}],"replies":[{"embeddable":true,"href":"https:\/\/mediarun.com\/pl\/wp-json\/wp\/v2\/comments?post=82558"}],"version-history":[{"count":0,"href":"https:\/\/mediarun.com\/pl\/wp-json\/wp\/v2\/posts\/82558\/revisions"}],"wp:featuredmedia":[{"embeddable":true,"href":"https:\/\/mediarun.com\/pl\/wp-json\/wp\/v2\/media\/82559"}],"wp:attachment":[{"href":"https:\/\/mediarun.com\/pl\/wp-json\/wp\/v2\/media?parent=82558"}],"wp:term":[{"taxonomy":"category","embeddable":true,"href":"https:\/\/mediarun.com\/pl\/wp-json\/wp\/v2\/categories?post=82558"},{"taxonomy":"post_tag","embeddable":true,"href":"https:\/\/mediarun.com\/pl\/wp-json\/wp\/v2\/tags?post=82558"}],"curies":[{"name":"wp","href":"https:\/\/api.w.org\/{rel}","templated":true}]}}