{"id":82542,"date":"2006-01-10T06:00:00","date_gmt":"2006-01-10T05:00:00","guid":{"rendered":"https:\/\/mediarun.com\/index.php\/news-posts\/wprost-straszy-sadem\/"},"modified":"2006-01-10T06:00:00","modified_gmt":"2006-01-10T05:00:00","slug":"wprost-straszy-sadem","status":"publish","type":"post","link":"https:\/\/mediarun.com\/pl\/marketing\/atl\/wprost-straszy-sadem.html","title":{"rendered":"Wprost straszy s\u0105dem"},"content":{"rendered":"<p><P>Zdaniem przedstawicieli agencji &#8222;decyzja zosta\u0142a podj\u0119ta ze wzgl\u0119du na fakt, i\u017c od momentu zaproszenia do przetargu we wrze\u015bniu 2004 roku oraz otrzymaniu informacji o wygraniu przetargu w marcu 2005, tygodnik Wprost przez kilkana\u015bcie dalszych miesi\u0119cy prowadzenia negocjacji wielokrotnie przesuwa\u0142 termin realizacji kampanii, wielokrotnie te\u017c zmienia\u0142y si\u0119 wymogi stawiane przez klienta wzgl\u0119dem zawartosci umowy&#8221;. <\/P><br \/>\n<P>Z przes\u0142anego przez agencj\u0119 komunikatu wynika, \u017ce ostatnie nowe zmiany Wprost wprowadzi\u0142 w grudniu 2005 r., warunkuj\u0105c podpisanie umowy i rozpocz\u0119cie prac nad kampania od ich akceptacji. <\/P><br \/>\n<P>&#8211; Projekt Ogilvy by\u0142 bardzo ciekawy ale do\u015b\u0107 kontrowersyjny&nbsp;&#8211; odpiera zarzuty Amadeusz Kr\u00f3l, Dyrektor Generalny AWR Wprost. &#8211; Agencja Ogilvy zapewnia\u0142a wydawc\u0119, \u017ce kampania w takim kszta\u0142cie mo\u017ce by\u0107 realizowana i ca\u0142o\u015b\u0107 odpowiedzialno\u015bci za ewentualne wady prawne projekt\u00f3w przejmie na siebie. Na ostatnim etapie negocjowania warunk\u00f3w umowy, w wyniku analizy prawnej AWR Wprost, okaza\u0142o si\u0119, \u017ce przedstawione projekty i spos\u00f3b realizacji tej kampanii mog\u0142yby godzi\u0107 w dobra osobiste os\u00f3b trzecich &#8211; dodaje.<\/P><br \/>\n<P>&#8211; Klient domaga\u0142 si\u0119 wprowadzenia do umowy zapis\u00f3w daleko wykraczaj\u0105cych poza standard przyj\u0119ty na polskim rynku reklamowym. Ostatecznie umowa nigdy nie zosta\u0142a podpisana &#8211; informuje Gruppa 66 Ogilvy.<\/P><br \/>\n<P>&#8211; Jeste\u015bmy zaskoczeni takim przebiegiem sprawy, tak renomowana agencja jak Ogilvy powinna sprawdza\u0107 mo\u017cliwo\u015b\u0107 realizacji proponowanych projekt\u00f3w przed przedstawieniem ich klientowi&nbsp;&#8211; uwa\u017ca Amadeusz Kr\u00f3l. &#8211; Wprost rozwa\u017ca mo\u017cliwo\u015b\u0107 podj\u0119cia krok\u00f3w prawnych wzgl\u0119dem Ogilvy&nbsp;&#8211; dodaje.<\/P><br \/>\n<P>Obecnie AWR Wprost przygotowuje si\u0119 do rozpisania drugiego przetargu na kampani\u0119 reklamow\u0105, kt\u00f3ra mia\u0142aby by\u0107 zrealizowania jeszcze w pierwszym kwartale 2006.<\/P><\/p>\n","protected":false},"excerpt":{"rendered":"Gruppa 66 Ogilvy nieoczekiwanie wycofa\u0142a si\u0119 z dalszych negocjacji dotycz\u0105cych przygotowania du\u017cej kampanii wizerunkowej dla tygodnika Wprost.","protected":false},"author":1,"featured_media":82543,"comment_status":"open","ping_status":"closed","sticky":false,"template":"","format":"standard","meta":{"csco_display_header_overlay":false,"csco_singular_sidebar":"","csco_page_header_type":"","csco_page_load_nextpost":"","csco_post_video_location":[],"csco_post_video_location_hash":"","csco_post_video_url":"","csco_post_video_bg_start_time":0,"csco_post_video_bg_end_time":0,"footnotes":""},"categories":[9642],"tags":[],"class_list":{"0":"post-82542","1":"post","2":"type-post","3":"status-publish","4":"format-standard","5":"has-post-thumbnail","7":"category-atl","8":"cs-entry","9":"cs-video-wrap"},"_links":{"self":[{"href":"https:\/\/mediarun.com\/pl\/wp-json\/wp\/v2\/posts\/82542","targetHints":{"allow":["GET"]}}],"collection":[{"href":"https:\/\/mediarun.com\/pl\/wp-json\/wp\/v2\/posts"}],"about":[{"href":"https:\/\/mediarun.com\/pl\/wp-json\/wp\/v2\/types\/post"}],"author":[{"embeddable":true,"href":"https:\/\/mediarun.com\/pl\/wp-json\/wp\/v2\/users\/1"}],"replies":[{"embeddable":true,"href":"https:\/\/mediarun.com\/pl\/wp-json\/wp\/v2\/comments?post=82542"}],"version-history":[{"count":0,"href":"https:\/\/mediarun.com\/pl\/wp-json\/wp\/v2\/posts\/82542\/revisions"}],"wp:featuredmedia":[{"embeddable":true,"href":"https:\/\/mediarun.com\/pl\/wp-json\/wp\/v2\/media\/82543"}],"wp:attachment":[{"href":"https:\/\/mediarun.com\/pl\/wp-json\/wp\/v2\/media?parent=82542"}],"wp:term":[{"taxonomy":"category","embeddable":true,"href":"https:\/\/mediarun.com\/pl\/wp-json\/wp\/v2\/categories?post=82542"},{"taxonomy":"post_tag","embeddable":true,"href":"https:\/\/mediarun.com\/pl\/wp-json\/wp\/v2\/tags?post=82542"}],"curies":[{"name":"wp","href":"https:\/\/api.w.org\/{rel}","templated":true}]}}