{"id":82524,"date":"2006-01-10T06:00:00","date_gmt":"2006-01-10T05:00:00","guid":{"rendered":"https:\/\/mediarun.com\/index.php\/news-posts\/devoud-ustepuje-ze-stanowiska\/"},"modified":"2006-01-10T06:00:00","modified_gmt":"2006-01-10T05:00:00","slug":"devoud-ustepuje-ze-stanowiska","status":"publish","type":"post","link":"https:\/\/mediarun.com\/pl\/ludzie\/awanse\/devoud-ustepuje-ze-stanowiska.html","title":{"rendered":"Devoud ust\u0119puje ze stanowiska"},"content":{"rendered":"<p><P>w Hachette, ale w Meksyku lub Francji&nbsp;&#8211; m\u00f3wi. Nie informuje, na jakim stanowisku.<\/P><br \/>\n<P>Devoud jest dyrektorem generalnym HFP od wrze\u015bnia 2003 roku. Decyzja o jego przeniesieniu jest konsekwencj\u0105 po\u0142\u0105czenia si\u0119 Hachette Filipacchi Polska i Wydawnictwa Burda Polska w sp\u00f3\u0142k\u0119 joint venture pod nazw\u0105 Hachette Filipacchi Burda Polska. <\/P><br \/>\n<P>Jak dowiedzia\u0142 si\u0119 miesi\u0119cznik Press kontrol\u0119 nad now\u0105 struktur\u0105 ma sprawowa\u0107 Wydawnictwo Burda Polska. Nie wiadomo, kto b\u0119dzie prezesem nowej sp\u00f3\u0142ki&nbsp;&#8211; jej zarz\u0105d b\u0119dzie m\u00f3g\u0142 powsta\u0107, dopiero gdy opini\u0119 o po\u0142\u0105czeniu firm wyrazi UOKiK (ma na to maksymalnie dwa miesi\u0105ce, ale je\u015bli stwierdzi, \u017ce nie ma przeciwwskaza\u0144 do po\u0142\u0105czenia, decyzja mo\u017ce zosta\u0107 podj\u0119ta szybciej).<\/P><br \/>\n<P>Guillaume Devoud i Krzysztof Kawali\u0142o, prezes Wydawnictwa Burda Polska, nie komentuj\u0105, czy po po\u0142\u0105czeniu wydawnictw w ich strukturach planowane s\u0105 du\u017ce zmiany. &#8211; Trwa tworzenie joint venture i w tym czasie nie mo\u017cna wprowadza\u0107 \u017cadnych zmian w wydawnictwie&nbsp;&#8211; m\u00f3wi Krzysztof Kawali\u0142o.<\/P><br \/>\n<P>Marzena Wilkanowicz-Devoud zostanie na stanowisku redaktor naczelnej miesi\u0119cznika Elle, a opiek\u0119 redakcyjn\u0105 nad magazynami Hachette ma sprawowa\u0107 centrala Hachette w Pary\u017cu, Hachette Filipacchi M\u00e9dias.<BR><BR>\u0179r\u00f3d\u0142o:<BR><A href=\"http:\/\/press.pl\/newsy\/pokaz.php?id=4519\">http:\/\/press.pl\/newsy\/pokaz.php?id=4519<\/A><\/P><\/p>\n","protected":false},"excerpt":{"rendered":"Od 1 lutego Guillaume Devoud, dyrektor generalny Hachette Filipacchi Polska, przestanie pe\u0142ni\u0107 t\u0119 funkcj\u0119. &#8211; B\u0119d\u0119 nadal pracowa\u0142&#8230;","protected":false},"author":1,"featured_media":82525,"comment_status":"open","ping_status":"closed","sticky":false,"template":"","format":"standard","meta":{"csco_display_header_overlay":false,"csco_singular_sidebar":"","csco_page_header_type":"","csco_page_load_nextpost":"","csco_post_video_location":[],"csco_post_video_location_hash":"","csco_post_video_url":"","csco_post_video_bg_start_time":0,"csco_post_video_bg_end_time":0,"footnotes":""},"categories":[9678],"tags":[],"class_list":{"0":"post-82524","1":"post","2":"type-post","3":"status-publish","4":"format-standard","5":"has-post-thumbnail","7":"category-awanse","8":"cs-entry","9":"cs-video-wrap"},"_links":{"self":[{"href":"https:\/\/mediarun.com\/pl\/wp-json\/wp\/v2\/posts\/82524","targetHints":{"allow":["GET"]}}],"collection":[{"href":"https:\/\/mediarun.com\/pl\/wp-json\/wp\/v2\/posts"}],"about":[{"href":"https:\/\/mediarun.com\/pl\/wp-json\/wp\/v2\/types\/post"}],"author":[{"embeddable":true,"href":"https:\/\/mediarun.com\/pl\/wp-json\/wp\/v2\/users\/1"}],"replies":[{"embeddable":true,"href":"https:\/\/mediarun.com\/pl\/wp-json\/wp\/v2\/comments?post=82524"}],"version-history":[{"count":0,"href":"https:\/\/mediarun.com\/pl\/wp-json\/wp\/v2\/posts\/82524\/revisions"}],"wp:featuredmedia":[{"embeddable":true,"href":"https:\/\/mediarun.com\/pl\/wp-json\/wp\/v2\/media\/82525"}],"wp:attachment":[{"href":"https:\/\/mediarun.com\/pl\/wp-json\/wp\/v2\/media?parent=82524"}],"wp:term":[{"taxonomy":"category","embeddable":true,"href":"https:\/\/mediarun.com\/pl\/wp-json\/wp\/v2\/categories?post=82524"},{"taxonomy":"post_tag","embeddable":true,"href":"https:\/\/mediarun.com\/pl\/wp-json\/wp\/v2\/tags?post=82524"}],"curies":[{"name":"wp","href":"https:\/\/api.w.org\/{rel}","templated":true}]}}