{"id":82511,"date":"2006-01-10T09:17:28","date_gmt":"2006-01-10T08:17:28","guid":{"rendered":"https:\/\/mediarun.com\/index.php\/news-posts\/ks-boniecki-i-tp-o-mediach\/"},"modified":"2006-01-10T09:17:28","modified_gmt":"2006-01-10T08:17:28","slug":"ks-boniecki-i-tp-o-mediach","status":"publish","type":"post","link":"https:\/\/mediarun.com\/pl\/media\/prasa\/ks-boniecki-i-tp-o-mediach.html","title":{"rendered":"Ks. Boniecki i TP o mediach"},"content":{"rendered":"<p>W stron\u0119 \u015brodowiska dziennikarskiego publicznie skierowa\u0142 pytania: &#8220;Tylko reakcja \u015brodowiska dziennikarskiego, pi\u0119tnowanie nieetycznych zachowa\u0144 bez sankcji karnych, mo\u017ce sta\u0107 na stra\u017cy warto\u015bci, kt\u00f3rych \u017caden trybuna\u0142 zapewni\u0107 nie zdo\u0142a. Pytam jednak niepewnie: czy w og\u00f3le istniej\u0105 w\u015br\u00f3d nas powszechnie akceptowane autorytety, wyznaczaj\u0105ce standardy? Czy potrafimy stworzy\u0107 instytucj\u0119, kt\u00f3rej charyzma by\u0142aby dla nas &#8211; ludzi medi\u00f3w &#8211; punktem odniesienia wa\u017cniejszym ni\u017c rankingi popularno\u015bci? By\u0107 mo\u017ce nie. Ale zastan\u00f3wmy si\u0119, co takie zaprzeczenie m\u00f3wi o nas samych &#8211; ludziach w\u0142adzy, ju\u017c sam nie wiem: pierwszej, czy czwartej?&#8221; &#8211; pyta\u0142 ks. Adam Boniecki<\/p>\n<p>,,Gdy czytam kr\u00f3tki artyku\u0142 ks. Adama, czuj\u0119, \u017ce prawie ka\u017cdy akapit jest dla mnie wyzwaniem &#8211; do sprzeciwu albo do komentarza, albo do gor\u0105cego potwierdzenia&#8221; &#8211; pisze Piotr Wojciechowski.<\/p>\n<p>Monice Olejnik wydaje si\u0119, \u017ce nie spos\u00f3b do dziennikarstwa przy\u0142o\u017cy\u0107 zasady >>nie czy\u0144 drugiemu, co tobie nie mi\u0142e <<. Wtedy musieliby\u015bmy w og\u00f3le przesta\u0107 uprawia\u0107 nasz zaw\u00f3d. &#8211; stwierdza. \nEwa Milewicz: nazywa prac\u0119 dziennikarza prac\u0105 samotn\u0105 i w\u0142a\u015bnie dlatego wg niej musi on szuka\u0107 autorytetu w sobie samym. Tzn. musi on sam ze sob\u0105 rozmawia\u0107, sam siebie krytykowa\u0107 i sam siebie upomina\u0107. \n\nJanina Jankowska zastanawia si\u0119 czy wysy\u0142a\u0107 co miesi\u0105c Kart\u0119 Etyczn\u0105 Medi\u00f3w do &#8222;gwiazd&#8221; i redaktor\u00f3w naczelnych. Dla Katarzyny Kolendy-Zaleskiej natomiast rozwi\u0105zanie jest jedno: Dylematy etyczne pozostaje rozstrzyga\u0107 we w\u0142asnym sumieniu, kieruj\u0105c si\u0119 miar\u0105 zwyk\u0142ej ludzkiej przyzwoito\u015bci. Do tej samej ludzkiej postawy odwo\u0142uje si\u0119 Grzegorz Gauden &#8211; Najwa\u017cniejsze, by\u015bmy &#8211; nim zajrzymy w kodeks etyczny &#8211; odwo\u0142ywali si\u0119 do elementarnego poczucia przyzwoito\u015bci.\n\nPiotr Zaremba natomiast wyra\u017ca obaw\u0119 wobec areopagu autorytet\u00f3w. Bo w realiach Anno Domini 2006 sk\u0142ada\u0142by si\u0119 on raczej z ludzi o lewicowo-liberalnej wra\u017cliwo\u015bci pr\u00f3buj\u0105cych narzuci\u0107 reszcie polityczn\u0105 poprawno\u015b\u0107(...). Kto wie czy nie czy nie gro\u017aniejsz\u0105 ni\u017c papierowe uchwa\u0142y nowej KRRiT.\n\nPonad to Maciej Zaremba pisze, &#8222;jak to si\u0119 robi w Szwecji&#8221;, gdzie cenzur\u0119 zniesiono w 1776 r. &#8222;Prawo zabrania te\u017c cenzury prewencyjnej. By\u0142y nawet przypadki skazania dyrektora szko\u0142y, kt\u00f3ry \u017c\u0105da\u0142 wst\u0119pnej lektury wydawanej przez uczni\u00f3w gazetki. Mo\u017cna zaskar\u017cy\u0107 zawarto\u015b\u0107 pisma post fatum. Sam by\u0142em zaskar\u017cany do Komisji Opinii Prasowej&#8221;. \nMicha\u0142 Viatteau- Kwiatkowski opisuje &#8222;jak to si\u0119 robi we Francji&#8221;: &#8222;Przewa\u017ca pogl\u0105d, \u017ce prawo, kt\u00f3re ka\u017ce za znies\u0142awienie czy plagiat, a tak\u017ce osobiste sumienie dziennikarza i kolektywne sumienie zawodowej wsp\u00f3lnoty, s\u0105 najlepszym \u015brodkiem zachowania uczciwo\u015bci \u015brodk\u00f3w masowego przekazu&#8221;. \n\nW kolejnym numerze &#8222;Tygodnika Powszechnego&#8221; dalszy ci\u0105g dyskusji &#8211; g\u0142os zabierze m.in. Kamil Durczok i Joachim Trenkner (korespondencja z Berlina). \n<\/p>\n","protected":false},"excerpt":{"rendered":"W najnowszym numerze &#8222;Tygodnika Powszechnego&#8221; toczy si\u0119 sp\u00f3r o &#8222;Przykazania medialne&#8221;, kt\u00f3re przed tygodniem opublikowa\u0142 w &#8222;TP&#8221; ks. Adam Boniecki. Pisa\u0142 wtedy o ustawie o mediach przyznaj\u0105cej szefowi KRRiT prawo do interwencji i karania nadawc\u00f3w naruszaj\u0105cych etyk\u0119 dziennikarsk\u0105.","protected":false},"author":1,"featured_media":82512,"comment_status":"open","ping_status":"closed","sticky":false,"template":"","format":"standard","meta":{"csco_display_header_overlay":false,"csco_singular_sidebar":"","csco_page_header_type":"","csco_page_load_nextpost":"","csco_post_video_location":[],"csco_post_video_location_hash":"","csco_post_video_url":"","csco_post_video_bg_start_time":0,"csco_post_video_bg_end_time":0,"footnotes":""},"categories":[9673],"tags":[],"class_list":{"0":"post-82511","1":"post","2":"type-post","3":"status-publish","4":"format-standard","5":"has-post-thumbnail","7":"category-prasa","8":"cs-entry","9":"cs-video-wrap"},"_links":{"self":[{"href":"https:\/\/mediarun.com\/pl\/wp-json\/wp\/v2\/posts\/82511","targetHints":{"allow":["GET"]}}],"collection":[{"href":"https:\/\/mediarun.com\/pl\/wp-json\/wp\/v2\/posts"}],"about":[{"href":"https:\/\/mediarun.com\/pl\/wp-json\/wp\/v2\/types\/post"}],"author":[{"embeddable":true,"href":"https:\/\/mediarun.com\/pl\/wp-json\/wp\/v2\/users\/1"}],"replies":[{"embeddable":true,"href":"https:\/\/mediarun.com\/pl\/wp-json\/wp\/v2\/comments?post=82511"}],"version-history":[{"count":0,"href":"https:\/\/mediarun.com\/pl\/wp-json\/wp\/v2\/posts\/82511\/revisions"}],"wp:featuredmedia":[{"embeddable":true,"href":"https:\/\/mediarun.com\/pl\/wp-json\/wp\/v2\/media\/82512"}],"wp:attachment":[{"href":"https:\/\/mediarun.com\/pl\/wp-json\/wp\/v2\/media?parent=82511"}],"wp:term":[{"taxonomy":"category","embeddable":true,"href":"https:\/\/mediarun.com\/pl\/wp-json\/wp\/v2\/categories?post=82511"},{"taxonomy":"post_tag","embeddable":true,"href":"https:\/\/mediarun.com\/pl\/wp-json\/wp\/v2\/tags?post=82511"}],"curies":[{"name":"wp","href":"https:\/\/api.w.org\/{rel}","templated":true}]}}