{"id":82508,"date":"2006-01-10T09:29:47","date_gmt":"2006-01-10T08:29:47","guid":{"rendered":"https:\/\/mediarun.com\/index.php\/news-posts\/nowy-dyrektor-generalny-germanos-polska-2\/"},"modified":"2006-01-10T09:29:47","modified_gmt":"2006-01-10T08:29:47","slug":"nowy-dyrektor-generalny-germanos-polska-2","status":"publish","type":"post","link":"https:\/\/mediarun.com\/pl\/trendy\/branding\/nowy-dyrektor-generalny-germanos-polska-2.html","title":{"rendered":"Nowy Dyrektor Generalny Germanos Polska"},"content":{"rendered":"<p>Do obowi\u0105zk\u00f3w Dyrektora Generalnego Germanos Polska nale\u017cy nadz\u00f3r nad dzia\u0142alno\u015bci\u0105 operacyjn\u0105 firmy w Polsce, stworzenie oraz wdro\u017cenie strategii marketingowej i strategii sprzeda\u017cy, jak r\u00f3wnie\u017c zapewnienie Grupie Germanos pozycji niekwestionowanego lidera w\u015br\u00f3d dystrybutor\u00f3w us\u0142ug telefonii kom\u00f3rkowej w Polsce. Jacek Ku\u017aniec\u00f3w jest r\u00f3wnie\u017c odpowiedzialny za stworzenie i realizacj\u0119 strategii d\u0142ugoterminowego rozwoju firmy na rynku polskim. <\/p>\n<p>Jacek Ku\u017aniec\u00f3w jest absolwentem Szko\u0142y G\u0142\u00f3wnej Handlowej w Warszawie. Po uko\u0144czeniu studi\u00f3w na SGH kontynuowa\u0142 nauk\u0119 w renomowanych uczelniach we Francji i Belgii: w Wy\u017cszej Szkole Handlowej ESCP w Pary\u017cu i Ecole de Commerce Solvay w Brukseli, gdzie specjalizowa\u0142 si\u0119 w dziedzinie Marketing Management.<\/p>\n<p>W swojej karierze zdoby\u0142 bogate do\u015bwiadczenie na rynku FMCG  pracuj\u0105c z du\u017cym powodzeniem w takich firmach jak L`Oreal (6 lat), Danone Biscuits (3 lata), gdzie zajmowa\u0142 kierownicze stanowiska w sprzeda\u017cy (Szef Ekipy Handlowej, Dyrektor ds. Rozwoju Rynku, Dyrektor Handlowy). Ostatnie 5 lat Jacek Ku\u017aniec\u00f3w sp\u0119dzi\u0142 w PTK Centertel, Operatorze sieci Idea\/Orange. W PTK Centertel Jacek Ku\u017aniec\u00f3w zajmowa\u0142 odpowiednio stanowiska: Dyrektora Biura Sprzeda\u017cy Po\u015bredniej (odpowiadaj\u0105c za najwi\u0119kszy kana\u0142 sprzeda\u017cy Operatora i to zar\u00f3wno na rynku indywidualnym jak i biznesowym, \u0142\u0105cznie ze stworzeniem od podstaw nowej koncepcji sprzeda\u017cy za po\u015brednictwem partner\u00f3w handlowych na rynku B2B) oraz ostatnio, Z-cy Dyrektora Pionu Sprzeda\u017cy &#8211; Operacyjnego Dyrektora Sprzeda\u017cy, odpowiadaj\u0105c za ca\u0142o\u015b\u0107 sprzeda\u017cy Operatora na rynku indywidualnym oraz za ponad po\u0142ow\u0119 sprzeda\u017cy na rynku biznesowym.<br \/>\nJacek Ku\u017aniec\u00f3w jest w Germanos Polska nast\u0119pc\u0105 Prodromosa Alexiadisa, kt\u00f3ry otrzyma\u0142 w Grecji stanowisko International Retail Network Development Manager, gdzie w swojej dzia\u0142alno\u015bci b\u0119dzie mia\u0142 kontakt ze wszystkimi firmami Grupy Germanos, w tym r\u00f3wnie\u017c z Germanos Polska.<\/p>\n","protected":false},"excerpt":{"rendered":"Jacek Ku\u017aniec\u00f3w (40 lat) obj\u0105\u0142 od 1 grudnia 2005 roku stanowisko Dyrektora Generalnego firmy Germanos Polska, czo\u0142owego dystrybutora produkt\u00f3w i us\u0142ug telekomunikacyjnych w Polsce.","protected":false},"author":1,"featured_media":0,"comment_status":"open","ping_status":"closed","sticky":false,"template":"","format":"standard","meta":{"csco_display_header_overlay":false,"csco_singular_sidebar":"","csco_page_header_type":"","csco_page_load_nextpost":"","csco_post_video_location":[],"csco_post_video_location_hash":"","csco_post_video_url":"","csco_post_video_bg_start_time":0,"csco_post_video_bg_end_time":0,"footnotes":""},"categories":[9658],"tags":[],"class_list":{"0":"post-82508","1":"post","2":"type-post","3":"status-publish","4":"format-standard","6":"category-branding","7":"cs-entry","8":"cs-video-wrap"},"_links":{"self":[{"href":"https:\/\/mediarun.com\/pl\/wp-json\/wp\/v2\/posts\/82508","targetHints":{"allow":["GET"]}}],"collection":[{"href":"https:\/\/mediarun.com\/pl\/wp-json\/wp\/v2\/posts"}],"about":[{"href":"https:\/\/mediarun.com\/pl\/wp-json\/wp\/v2\/types\/post"}],"author":[{"embeddable":true,"href":"https:\/\/mediarun.com\/pl\/wp-json\/wp\/v2\/users\/1"}],"replies":[{"embeddable":true,"href":"https:\/\/mediarun.com\/pl\/wp-json\/wp\/v2\/comments?post=82508"}],"version-history":[{"count":0,"href":"https:\/\/mediarun.com\/pl\/wp-json\/wp\/v2\/posts\/82508\/revisions"}],"wp:attachment":[{"href":"https:\/\/mediarun.com\/pl\/wp-json\/wp\/v2\/media?parent=82508"}],"wp:term":[{"taxonomy":"category","embeddable":true,"href":"https:\/\/mediarun.com\/pl\/wp-json\/wp\/v2\/categories?post=82508"},{"taxonomy":"post_tag","embeddable":true,"href":"https:\/\/mediarun.com\/pl\/wp-json\/wp\/v2\/tags?post=82508"}],"curies":[{"name":"wp","href":"https:\/\/api.w.org\/{rel}","templated":true}]}}