{"id":82503,"date":"2006-01-10T09:59:34","date_gmt":"2006-01-10T08:59:34","guid":{"rendered":"https:\/\/mediarun.com\/index.php\/news-posts\/prezentacja-ericsson-racing-team\/"},"modified":"2006-01-10T09:59:34","modified_gmt":"2006-01-10T08:59:34","slug":"prezentacja-ericsson-racing-team","status":"publish","type":"post","link":"https:\/\/mediarun.com\/pl\/trendy\/branding\/prezentacja-ericsson-racing-team.html","title":{"rendered":"Prezentacja Ericsson Racing Team"},"content":{"rendered":"<p>Ericsson og\u0142osi\u0142 udzia\u0142 w Volvo Ocean Race w kwietniu 2005 roku, a ju\u017c w czerwcu Ericsson Racing Team zaprezentowa\u0142 sw\u00f3j jacht. Uczestnictwo w regatach jest dla firmy Ericsson okazj\u0105 do zaprezentowania swoich rozwi\u0105za\u0144 komunikacyjnych &#8211; tak wa\u017cnych podczas regat formatu VOR. Technologia firmy Ericsson umo\u017cliwia \u015bledzenie regat przez 24 godziny, siedem dni w tygodniu.<\/p>\n<p>Regaty Volvo Ocean Race to jedne z najtrudniejszych i najbardziej znanych regat na \u015bwiecie. Co cztery lata,12-osobowe za\u0142ogi na 20m jachtach, w ci\u0105gu o\u015bmiu miesi\u0119cy pokonuj\u0105 ok. 31.000 mil morskich w wy\u015bcigu dooko\u0142a globu. Tegoroczna edycja rozpocz\u0119\u0142a si\u0119 w listopadzie 2005 roku w Sanxenxo (Hiszpania) i zostanie zako\u0144czona w Goeteborgu (Szwecja) w czerwcu 2006 roku.<\/p>\n<p>Za\u0142oga Ericsson Racing Team:<\/p>\n<p>Neal MacDonald &#8211; skipper<\/p>\n<p>Steve Hayles &#8211; nawigator<\/p>\n<p>John Kostecki &#8211; taktyk<\/p>\n<p>Jason Carrington &#8211; cz\u0142onek za\u0142ogi<\/p>\n<p>Richard Mason &#8211; cz\u0142onek za\u0142ogi<\/p>\n<p>Tim Powell &#8211; cz\u0142onek za\u0142ogi<\/p>\n<p>To Braidwood &#8211; cz\u0142onek za\u0142ogi<\/p>\n<p>David Rolfe &#8211; cz\u0142onek za\u0142ogi<\/p>\n<p>Magnus Woxen &#8211; cz\u0142onek za\u0142ogi<\/p>\n<p>Tony Kolb &#8211; cz\u0142onek za\u0142ogi<\/p>\n<p>Guillermo Altadill &#8211; cz\u0142onek za\u0142ogi<\/p>\n","protected":false},"excerpt":{"rendered":"Ericsson przedstawi\u0142 jacht Ericsson Racing Team bior\u0105cy udzia\u0142 w Volvo Ocean Race (VOR) 2006. Prezentacja odby\u0142a si\u0119 6 stycznia br. w Centrum Handlowym Arkadia.","protected":false},"author":1,"featured_media":0,"comment_status":"open","ping_status":"closed","sticky":false,"template":"","format":"standard","meta":{"csco_display_header_overlay":false,"csco_singular_sidebar":"","csco_page_header_type":"","csco_page_load_nextpost":"","csco_post_video_location":[],"csco_post_video_location_hash":"","csco_post_video_url":"","csco_post_video_bg_start_time":0,"csco_post_video_bg_end_time":0,"footnotes":""},"categories":[9658],"tags":[],"class_list":{"0":"post-82503","1":"post","2":"type-post","3":"status-publish","4":"format-standard","6":"category-branding","7":"cs-entry","8":"cs-video-wrap"},"_links":{"self":[{"href":"https:\/\/mediarun.com\/pl\/wp-json\/wp\/v2\/posts\/82503","targetHints":{"allow":["GET"]}}],"collection":[{"href":"https:\/\/mediarun.com\/pl\/wp-json\/wp\/v2\/posts"}],"about":[{"href":"https:\/\/mediarun.com\/pl\/wp-json\/wp\/v2\/types\/post"}],"author":[{"embeddable":true,"href":"https:\/\/mediarun.com\/pl\/wp-json\/wp\/v2\/users\/1"}],"replies":[{"embeddable":true,"href":"https:\/\/mediarun.com\/pl\/wp-json\/wp\/v2\/comments?post=82503"}],"version-history":[{"count":0,"href":"https:\/\/mediarun.com\/pl\/wp-json\/wp\/v2\/posts\/82503\/revisions"}],"wp:attachment":[{"href":"https:\/\/mediarun.com\/pl\/wp-json\/wp\/v2\/media?parent=82503"}],"wp:term":[{"taxonomy":"category","embeddable":true,"href":"https:\/\/mediarun.com\/pl\/wp-json\/wp\/v2\/categories?post=82503"},{"taxonomy":"post_tag","embeddable":true,"href":"https:\/\/mediarun.com\/pl\/wp-json\/wp\/v2\/tags?post=82503"}],"curies":[{"name":"wp","href":"https:\/\/api.w.org\/{rel}","templated":true}]}}