{"id":82491,"date":"2006-01-10T10:27:27","date_gmt":"2006-01-10T09:27:27","guid":{"rendered":"https:\/\/mediarun.com\/index.php\/news-posts\/ferie-z-tvp1-dla-wszystkich-wojewodztw\/"},"modified":"2006-01-10T10:27:27","modified_gmt":"2006-01-10T09:27:27","slug":"ferie-z-tvp1-dla-wszystkich-wojewodztw","status":"publish","type":"post","link":"https:\/\/mediarun.com\/pl\/media\/tv\/ferie-z-tvp1-dla-wszystkich-wojewodztw.html","title":{"rendered":"Ferie z TVP1 dla wszystkich wojew\u00f3dztw"},"content":{"rendered":"<p>Podczas ferii wi\u0119kszo\u015b\u0107 dzieci  nigdzie nie wyje\u017cd\u017ca, wi\u0119c kolejne programy realizowane b\u0119d\u0105 tam, gdzie akurat s\u0105 ferie.  Przedstawia\u0107 one b\u0119d\u0105 atrakcje, kt\u00f3re s\u0105 &#8222;w zasi\u0119gu r\u0119ki&#8221; mieszka\u0144c\u00f3w danego wojew\u00f3dztwa, oraz  przebywaj\u0105cych tam turyst\u00f3w. W warszawskim studiu b\u0119dzie swego rodzaju dzieci\u0119ce &#8222;centrum dowodzenia&#8221;.<\/p>\n<p>Programy te b\u0119d\u0105 promocj\u0105 wydarze\u0144,  imprez, bezp\u0142atnych zaj\u0119\u0107 dla dzieci i m\u0142odszych nastolatk\u00f3w; informacj\u0105 o ciekawych, ma\u0142o znanych miejscach w danym wojew\u00f3dztwie, a tak\u017ce o obiektach i imprezach, na kt\u00f3re widzowie  &#8222;Ferii z Jedynk\u0105&#8221;  b\u0119d\u0105 mie\u0107 wst\u0119p bezp\u0142atny (kina, teatry, lodowiska, baseny etc.)<\/p>\n<p>&#8222;Ferie z Jedynk\u0105&#8221; b\u0119d\u0105 zach\u0119t\u0105 do aktywnego sp\u0119dzania wolnego czasu, oraz szans\u0105  dla ka\u017cdego na  debiut w roli korespondenta TV.<\/p>\n<p>Ka\u017cdy z telewidz\u00f3w b\u0119dzie mia\u0142 mo\u017cliwo\u015b\u0107 udzia\u0142u w konkursach telefonicznych  z nagrodami; <\/p>\n<p>W ka\u017cdym programie b\u0119d\u0105 r\u00f3wnie\u017c bie\u017c\u0105ce informacje na temat  Igrzysk Olimpijskich w Turynie. W  ostatnim tygodniu ferii codzienne relacje z Turynu, gdy\u017c  w tym czasie  o medale  olimpijskie, opr\u00f3cz sportowc\u00f3w , walczy\u0107 b\u0119d\u0105 mali mistrzowie&#8230;plastyki z ca\u0142ego \u015bwiata.<\/p>\n<p>A w ka\u017cd\u0105 niedziel\u0119, w samo po\u0142udnie, TVP b\u0119dzie organizowa\u0107 w r\u00f3\u017cnych miastach wielkie happeningi z niespodziankami i nagrodami.<\/p>\n<p>FERIE Z JEDYNK\u0104 &#8211; programy na \u017cywo od 16 stycznia br. na antenie TVP1<\/p>\n<p>emisja codziennie od poniedzia\u0142ku do pi\u0105tku ok. godz. 9.40<br \/>\nczas trwania  programu &#8211; ok. 20 min<\/p>\n","protected":false},"excerpt":{"rendered":"&#8222;Ferie z Jedynk\u0105&#8221; emitowane b\u0119d\u0105, pocz\u0105wszy od 16 stycznia br., przez 6 tygodni codziennie na antenie TVP1. Po raz pierwszy w historii  TVP SA  na antenie og\u00f3lnopolskiej uka\u017ce si\u0119 codzienny  program dla dzieci  uwzgl\u0119dniaj\u0105cy terminy ferii we wszystkich  wojew\u00f3dztwach ( od 16 stycznia do 24 lutego 2006.)","protected":false},"author":1,"featured_media":82492,"comment_status":"open","ping_status":"closed","sticky":false,"template":"","format":"standard","meta":{"csco_display_header_overlay":false,"csco_singular_sidebar":"","csco_page_header_type":"","csco_page_load_nextpost":"","csco_post_video_location":[],"csco_post_video_location_hash":"","csco_post_video_url":"","csco_post_video_bg_start_time":0,"csco_post_video_bg_end_time":0,"footnotes":""},"categories":[9670],"tags":[],"class_list":{"0":"post-82491","1":"post","2":"type-post","3":"status-publish","4":"format-standard","5":"has-post-thumbnail","7":"category-tv","8":"cs-entry","9":"cs-video-wrap"},"_links":{"self":[{"href":"https:\/\/mediarun.com\/pl\/wp-json\/wp\/v2\/posts\/82491","targetHints":{"allow":["GET"]}}],"collection":[{"href":"https:\/\/mediarun.com\/pl\/wp-json\/wp\/v2\/posts"}],"about":[{"href":"https:\/\/mediarun.com\/pl\/wp-json\/wp\/v2\/types\/post"}],"author":[{"embeddable":true,"href":"https:\/\/mediarun.com\/pl\/wp-json\/wp\/v2\/users\/1"}],"replies":[{"embeddable":true,"href":"https:\/\/mediarun.com\/pl\/wp-json\/wp\/v2\/comments?post=82491"}],"version-history":[{"count":0,"href":"https:\/\/mediarun.com\/pl\/wp-json\/wp\/v2\/posts\/82491\/revisions"}],"wp:featuredmedia":[{"embeddable":true,"href":"https:\/\/mediarun.com\/pl\/wp-json\/wp\/v2\/media\/82492"}],"wp:attachment":[{"href":"https:\/\/mediarun.com\/pl\/wp-json\/wp\/v2\/media?parent=82491"}],"wp:term":[{"taxonomy":"category","embeddable":true,"href":"https:\/\/mediarun.com\/pl\/wp-json\/wp\/v2\/categories?post=82491"},{"taxonomy":"post_tag","embeddable":true,"href":"https:\/\/mediarun.com\/pl\/wp-json\/wp\/v2\/tags?post=82491"}],"curies":[{"name":"wp","href":"https:\/\/api.w.org\/{rel}","templated":true}]}}