{"id":82490,"date":"2006-01-10T10:34:19","date_gmt":"2006-01-10T09:34:19","guid":{"rendered":"https:\/\/mediarun.com\/index.php\/news-posts\/kolorowe-emocje-na-orkiestrze\/"},"modified":"2006-01-10T10:34:19","modified_gmt":"2006-01-10T09:34:19","slug":"kolorowe-emocje-na-orkiestrze","status":"publish","type":"post","link":"https:\/\/mediarun.com\/pl\/trendy\/branding\/kolorowe-emocje-na-orkiestrze.html","title":{"rendered":"Kolorowe Emocje na Orkiestrze"},"content":{"rendered":"<p>Mecenas Kolorowych Emocji firma Baumit &#8211; zdecydowa\u0142 si\u0119 na przekazanie 10 p\u0142\u00f3cien, kt\u00f3re oczekuj\u0105 hojnych koneser\u00f3w na platformie portalu licytacyjnego Allegro. Aby odnale\u017a\u0107 wystawione p\u0142\u00f3tna wystarczy tylko wpisa\u0107 &#8222;Kolorowe Emocje&#8221; w obszar wyszukiwarki. Ca\u0142o\u015b\u0107 dzia\u0142a\u0144 koordynuj\u0105 pracownicy Agencji iN PLUS PR, kt\u00f3ra by\u0142a organizatorem ubieg\u0142orocznego malowania. <\/p>\n<p>To niezwyk\u0142e malowid\u0142o zosta\u0142o stworzone podczas akcji charytatywnej &#8211; Kolorowe Emocje. W jej ramach 4 czerwca ubieg\u0142ego roku dzieci w czterech miastach Polski: Gda\u0144sku, Poznaniu, Lublinie i Wroc\u0142awiu zape\u0142ni\u0142y tysi\u0105cem kolor\u00f3w p\u0142\u00f3tna o \u0142\u0105cznej powierzchni 700 m2. 25 czerwca na wroc\u0142awskim Bulwarze Dunikowskiego odby\u0142a si\u0119 uroczysta ekspozycja, za\u015b 2 lipca &#8211;licytacja fragment\u00f3w dzie\u0142a. Doch\u00f3d ze sprzeda\u017cy p\u0142\u00f3cien przekazany zosta\u0142 na cele charytatywne, pomagaj\u0105c najbardziej potrzebuj\u0105cym Domom Dziecka w czterech miastach Kolorowych Emocji. W tym roku Kolorowe Emocje odb\u0119d\u0105 si\u0119 ponownie. Tym razem nie w czterech &#8211; ale  &#8211; a\u017c w siedmiu miastach Polski!<\/p>\n","protected":false},"excerpt":{"rendered":"Fragmenty Najwi\u0119kszego Obrazu \u015awiata namalowanego przez dzieci w czterech miastach Polski latem ubieg\u0142ego roku zostan\u0105 zlicytowane podczas Wielkiej Orkiestry \u015awi\u0105tecznej Pomocy. Pieni\u0105dze za sprzedane p\u0142\u00f3tna zasil\u0105 bud\u017cet tego niezwyk\u0142ego przedsi\u0119wzi\u0119cia.","protected":false},"author":1,"featured_media":0,"comment_status":"open","ping_status":"closed","sticky":false,"template":"","format":"standard","meta":{"csco_display_header_overlay":false,"csco_singular_sidebar":"","csco_page_header_type":"","csco_page_load_nextpost":"","csco_post_video_location":[],"csco_post_video_location_hash":"","csco_post_video_url":"","csco_post_video_bg_start_time":0,"csco_post_video_bg_end_time":0,"footnotes":""},"categories":[9658],"tags":[],"class_list":{"0":"post-82490","1":"post","2":"type-post","3":"status-publish","4":"format-standard","6":"category-branding","7":"cs-entry","8":"cs-video-wrap"},"_links":{"self":[{"href":"https:\/\/mediarun.com\/pl\/wp-json\/wp\/v2\/posts\/82490","targetHints":{"allow":["GET"]}}],"collection":[{"href":"https:\/\/mediarun.com\/pl\/wp-json\/wp\/v2\/posts"}],"about":[{"href":"https:\/\/mediarun.com\/pl\/wp-json\/wp\/v2\/types\/post"}],"author":[{"embeddable":true,"href":"https:\/\/mediarun.com\/pl\/wp-json\/wp\/v2\/users\/1"}],"replies":[{"embeddable":true,"href":"https:\/\/mediarun.com\/pl\/wp-json\/wp\/v2\/comments?post=82490"}],"version-history":[{"count":0,"href":"https:\/\/mediarun.com\/pl\/wp-json\/wp\/v2\/posts\/82490\/revisions"}],"wp:attachment":[{"href":"https:\/\/mediarun.com\/pl\/wp-json\/wp\/v2\/media?parent=82490"}],"wp:term":[{"taxonomy":"category","embeddable":true,"href":"https:\/\/mediarun.com\/pl\/wp-json\/wp\/v2\/categories?post=82490"},{"taxonomy":"post_tag","embeddable":true,"href":"https:\/\/mediarun.com\/pl\/wp-json\/wp\/v2\/tags?post=82490"}],"curies":[{"name":"wp","href":"https:\/\/api.w.org\/{rel}","templated":true}]}}