{"id":82482,"date":"2006-01-10T11:16:07","date_gmt":"2006-01-10T10:16:07","guid":{"rendered":"https:\/\/mediarun.com\/index.php\/news-posts\/rekord-gazety-praca\/"},"modified":"2006-01-10T11:16:07","modified_gmt":"2006-01-10T10:16:07","slug":"rekord-gazety-praca","status":"publish","type":"post","link":"https:\/\/mediarun.com\/pl\/media\/prasa\/rekord-gazety-praca.html","title":{"rendered":"Rekord Gazety Praca"},"content":{"rendered":"<p>&#8211; To dla nas olbrzymia satysfakcja, dzisiejsze obj\u0119to\u015bci bardzo wyra\u017anie potwierdzaj\u0105 trafno\u015b\u0107 wprowadzonych przez nas zmian &#8211; skomentowa\u0142 rekord &#8222;Gazety Praca&#8221; Marek Tretyn, dyr. ds. sprzeda\u017cy reklam i og\u0142osze\u0144 &#8222;Gazety Wyborczej&#8221;. <\/p>\n<p>&#8211; Obecny spos\u00f3b prezentacji og\u0142osze\u0144 zosta\u0142 doceniony i przez rekrutuj\u0105cych &#8211; pozwala bowiem dotrze\u0107 z informacj\u0105 do precyzyjniej sprofilowanej grupy celowej, i przez czytelnik\u00f3w &#8211; przejrzysto\u015b\u0107 podzia\u0142u sprawia, \u017ce znacznie \u0142atwiej jest szuka\u0107 og\u0142osze\u0144 z konkretnej kategorii &#8211; doda\u0142 Tretyn.<\/p>\n<p>Poprzedni rekord obj\u0119to\u015bci pad\u0142 5 wrze\u015bnia 2005 r., tak\u017ce w Warszawie, kiedy &#8222;Gazeta Praca&#8221; zmieni\u0142a makiet\u0119 i wprowadzi\u0142a podzia\u0142 na kategorie bran\u017cowe (w Katowicach, Krakowie, \u0141odzi, Poznaniu, Tr\u00f3jmie\u015bcie, Warszawie i Wroc\u0142awiu).<\/p>\n<p>Od dnia dzisiejszego podzia\u0142 og\u0142osze\u0144 rekrutacyjnych na bran\u017ce w &#8222;Gazecie Praca&#8221; obj\u0105\u0142 ca\u0142y kraj.<\/p>\n<p>&#8222;Gazeta Praca&#8221; odnotowuje systematyczny wzrost liczby og\u0142osze\u0144 &#8211; liczba og\u0142osze\u0144 wymiarowych wzros\u0142a z 1500 w drugiej po\u0142. 2004 r. do 1713 w analogicznym okresie roku 2005* (dynamika wzrostu 14,2 % przy por\u00f3wnaniu rok do roku). <\/p>\n<p>&#8222;Gazeta Praca&#8221; to najstarszy i najwi\u0119kszy dodatek w Polsce po\u015bwi\u0119cony ofertom na rynku pracy. Od ponad dziesi\u0119ciu lat ukazuje si\u0119 w poniedzia\u0142ki jako dodatek do &#8222;Gazety Wyborczej&#8221;. <\/p>\n<p>* dane w\u0142asne wydawcy <\/p>\n","protected":false},"excerpt":{"rendered":"Dzisiejsze sto\u0142eczne wydanie &#8222;Gazety Praca&#8221; &#8211; poniedzia\u0142kowego dodatku do &#8222;Gazety Wyborczej&#8221; po\u015bwi\u0119conego rynkowi pracy &#8211; osi\u0105gn\u0119\u0142o rekordow\u0105 obj\u0119to\u015b\u0107 124 stron. Rekordy pad\u0142y tak\u017ce w Rzeszowie &#8211; 40 stron i w Kielcach &#8211; 36 stron. Og\u0142oszenia drobne w dzisiejszym wydaniu sto\u0142ecznym zaj\u0119\u0142y a\u017c 23 strony.","protected":false},"author":1,"featured_media":82483,"comment_status":"open","ping_status":"closed","sticky":false,"template":"","format":"standard","meta":{"csco_display_header_overlay":false,"csco_singular_sidebar":"","csco_page_header_type":"","csco_page_load_nextpost":"","csco_post_video_location":[],"csco_post_video_location_hash":"","csco_post_video_url":"","csco_post_video_bg_start_time":0,"csco_post_video_bg_end_time":0,"footnotes":""},"categories":[9673],"tags":[],"class_list":{"0":"post-82482","1":"post","2":"type-post","3":"status-publish","4":"format-standard","5":"has-post-thumbnail","7":"category-prasa","8":"cs-entry","9":"cs-video-wrap"},"_links":{"self":[{"href":"https:\/\/mediarun.com\/pl\/wp-json\/wp\/v2\/posts\/82482","targetHints":{"allow":["GET"]}}],"collection":[{"href":"https:\/\/mediarun.com\/pl\/wp-json\/wp\/v2\/posts"}],"about":[{"href":"https:\/\/mediarun.com\/pl\/wp-json\/wp\/v2\/types\/post"}],"author":[{"embeddable":true,"href":"https:\/\/mediarun.com\/pl\/wp-json\/wp\/v2\/users\/1"}],"replies":[{"embeddable":true,"href":"https:\/\/mediarun.com\/pl\/wp-json\/wp\/v2\/comments?post=82482"}],"version-history":[{"count":0,"href":"https:\/\/mediarun.com\/pl\/wp-json\/wp\/v2\/posts\/82482\/revisions"}],"wp:featuredmedia":[{"embeddable":true,"href":"https:\/\/mediarun.com\/pl\/wp-json\/wp\/v2\/media\/82483"}],"wp:attachment":[{"href":"https:\/\/mediarun.com\/pl\/wp-json\/wp\/v2\/media?parent=82482"}],"wp:term":[{"taxonomy":"category","embeddable":true,"href":"https:\/\/mediarun.com\/pl\/wp-json\/wp\/v2\/categories?post=82482"},{"taxonomy":"post_tag","embeddable":true,"href":"https:\/\/mediarun.com\/pl\/wp-json\/wp\/v2\/tags?post=82482"}],"curies":[{"name":"wp","href":"https:\/\/api.w.org\/{rel}","templated":true}]}}