{"id":82481,"date":"2006-01-10T11:48:30","date_gmt":"2006-01-10T10:48:30","guid":{"rendered":"https:\/\/mediarun.com\/index.php\/news-posts\/watykan-ostrzega-radio-maryja\/"},"modified":"2006-01-10T11:48:30","modified_gmt":"2006-01-10T10:48:30","slug":"watykan-ostrzega-radio-maryja","status":"publish","type":"post","link":"https:\/\/mediarun.com\/pl\/media\/radio\/watykan-ostrzega-radio-maryja.html","title":{"rendered":"Watykan ostrzega Radio Maryja"},"content":{"rendered":"<p>&#8211; &#8222;Nuncjusz apostolski abp J\u00f3zef Kowalczyk, oficjalny przedstawiciel Watykanu w Polsce, wyda\u0142 w poniedzia\u0142ek ostry komunikat, w kt\u00f3rym dyscyplinuje polskich ksi\u0119\u017cy i zakonnik\u00f3w. Abp Kowalczyk pisze, \u017ce dzia\u0142ania os\u00f3b duchownych &#8211; na polu publicznym, w fundacjach czy sp\u00f3\u0142kach &#8222;kt\u00f3re w jakikolwiek spos\u00f3b anga\u017cuj\u0105 autorytet Ko\u015bcio\u0142a, wymagaj\u0105 pisemnej zgody w\u0142asnego ordynariusza, a w przypadku instytucji o zasi\u0119gu og\u00f3lnopolskim &#8211; tak\u017ce zgody Konferencji Episkopatu Polski&#8221;. Zgody takiej wymaga te\u017c &#8222;akceptowanie&#8221; tych dzia\u0142a\u0144, nawet milcz\u0105ce, przez zwierzchnik\u00f3w ko\u015bcielnych. Nuncjusz kilkakrotnie podkre\u015bla, \u017ce jego decyzje obejmuj\u0105 r\u00f3wnie\u017c zakonnik\u00f3w.&#8221; &#8211; czytamy w &#8222;Gazecie Wyborczej&#8221;<\/p>\n<p>-&#8222;Papie\u017c Benedykt XVI skrytykowa\u0142 wtedy upolitycznienie medi\u00f3w katolickich w Polsce, m\u00f3wi\u0105c, \u017ce powinny zachowa\u0107 &#8222;autonomi\u0119 sfery politycznej&#8221;. Watyka\u0144scy eksperci dodali: &#8211; Media, kt\u00f3re nie przestrzegaj\u0105 nauczania Episkopatu, nie zas\u0142uguj\u0105 na miano katolickich. Wczorajszy komunikat idzie dalej. Odnosi si\u0119 nie tylko do medi\u00f3w o. Rydzyka, ale te\u017c do innych dzia\u0142a\u0144 &#8222;anga\u017cuj\u0105cych autorytet Ko\u015bcio\u0142a&#8221;, a nie maj\u0105cych zgody lokalnego biskupa. Mo\u017ce chodzi\u0107 np. o fundacj\u0119 ksi\u0119dza Jankowskiego. Nuncjusz okre\u015bla tego typu dzia\u0142alno\u015b\u0107 jako &#8222;bezprawn\u0105, szkodliw\u0105 dla Ko\u015bcio\u0142a i podlegaj\u0105c\u0105 sankcjom kanonicznym&#8221;.&#8221; &#8211;  czytamy w &#8222;Gazecie Wyborczej&#8221;<\/p>\n","protected":false},"excerpt":{"rendered":"Najpopularniejsi przedstawiciele ko\u015bcio\u0142a katolickiego zaostrzaj\u0105 krytyk\u0119 wobec Radia Maryja i Telewizji Trwam. Nuncjusz apostolski zakomunikowa\u0142 o konieczno\u015bci posiadania pisemnej zgody na anga\u017cowanie si\u0119 duchownego w dzia\u0142alno\u015b\u0107 publiczn\u0105. Bp Tadeusz Pieronek wskazuje na adresata przes\u0142ania &#8211; media o. Rydzyka.","protected":false},"author":1,"featured_media":0,"comment_status":"open","ping_status":"closed","sticky":false,"template":"","format":"standard","meta":{"csco_display_header_overlay":false,"csco_singular_sidebar":"","csco_page_header_type":"","csco_page_load_nextpost":"","csco_post_video_location":[],"csco_post_video_location_hash":"","csco_post_video_url":"","csco_post_video_bg_start_time":0,"csco_post_video_bg_end_time":0,"footnotes":""},"categories":[9672],"tags":[],"class_list":{"0":"post-82481","1":"post","2":"type-post","3":"status-publish","4":"format-standard","6":"category-radio","7":"cs-entry","8":"cs-video-wrap"},"_links":{"self":[{"href":"https:\/\/mediarun.com\/pl\/wp-json\/wp\/v2\/posts\/82481","targetHints":{"allow":["GET"]}}],"collection":[{"href":"https:\/\/mediarun.com\/pl\/wp-json\/wp\/v2\/posts"}],"about":[{"href":"https:\/\/mediarun.com\/pl\/wp-json\/wp\/v2\/types\/post"}],"author":[{"embeddable":true,"href":"https:\/\/mediarun.com\/pl\/wp-json\/wp\/v2\/users\/1"}],"replies":[{"embeddable":true,"href":"https:\/\/mediarun.com\/pl\/wp-json\/wp\/v2\/comments?post=82481"}],"version-history":[{"count":0,"href":"https:\/\/mediarun.com\/pl\/wp-json\/wp\/v2\/posts\/82481\/revisions"}],"wp:attachment":[{"href":"https:\/\/mediarun.com\/pl\/wp-json\/wp\/v2\/media?parent=82481"}],"wp:term":[{"taxonomy":"category","embeddable":true,"href":"https:\/\/mediarun.com\/pl\/wp-json\/wp\/v2\/categories?post=82481"},{"taxonomy":"post_tag","embeddable":true,"href":"https:\/\/mediarun.com\/pl\/wp-json\/wp\/v2\/tags?post=82481"}],"curies":[{"name":"wp","href":"https:\/\/api.w.org\/{rel}","templated":true}]}}