{"id":82479,"date":"2006-01-10T11:51:10","date_gmt":"2006-01-10T10:51:10","guid":{"rendered":"https:\/\/mediarun.com\/index.php\/news-posts\/wirtualni-pracownicy-tvp\/"},"modified":"2006-01-10T11:51:10","modified_gmt":"2006-01-10T10:51:10","slug":"wirtualni-pracownicy-tvp","status":"publish","type":"post","link":"https:\/\/mediarun.com\/pl\/media\/tv\/wirtualni-pracownicy-tvp.html","title":{"rendered":"Wirtualni pracownicy TVP"},"content":{"rendered":"<p>&#8211; W t\u0142umie 4,8 tys. os\u00f3b zatrudnionych w TVP \u0142atwo si\u0119 zgubi\u0107. Wykorzystuj\u0105 to ci, kt\u00f3rzy ch\u0119tnie bior\u0105 z telewizji pieni\u0105dze, ale tak naprawd\u0119 zajmuj\u0105 si\u0119 czym\u015b zupe\u0142nie innym. Na przyk\u0142ad polityk\u0105. &#8211; pisze &#8222;Rzeczpospolita&#8221;<\/p>\n<p>&#8211; Sto\u0142eczny radny Ligi Polskich Rodzin i s\u0119dzia Trybuna\u0142u Stanu Jan Maria Jackowski jest dziennikarzem telewizyjnym z kilkunastoletnim sta\u017cem. Odk\u0105d zaj\u0105\u0142 si\u0119 dzia\u0142alno\u015bci\u0105 polityczn\u0105 (do maja by\u0142 przewodnicz\u0105cym Rady Warszawy), w TVP go nie wida\u0107. Ale nie zrezygnowa\u0142 z etatu w Agencji Produkcji Audycji Telewizyjnych. Zas\u0142yn\u0105\u0142 jako kolekcjoner d\u00f3br doczesnych: zajmuje lokal w komunalnym bloku przeznaczone dla tych, kt\u00f3rzy nie maj\u0105 w\u0142asnego M, mimo \u017ce jednocze\u015bnie ma pi\u0119\u0107 innych mieszka\u0144. Z etatu w biurze kontroli wewn\u0119trznej TVP nie zrezygnowa\u0142 pose\u0142 PiS Mariusz Kami\u0144ski, kandydat na szefa Centralnego Urz\u0119du Antykorupcyjnego. Kami\u0144ski jednak nie bierze od telewizji pieni\u0119dzy. Od 1997 r., kiedy po raz pierwszy zosta\u0142 pos\u0142em, jest na urlopie bezp\u0142atnym. -informuje &#8222;Rzeczpospolita&#8221;<\/p>\n<p>&#8211; Co Jackowski robi w agencji? Wed\u0142ug rozm\u00f3wc\u00f3w APAT nic, bo w og\u00f3le si\u0119 nie pojawia w telewizji. Na swej stronie internetowej Jackowski wymienia programy TVP, kt\u00f3rych by\u0142 tw\u00f3rc\u0105. Ostatni cykl Jackowskiego &#8222;Rodzina rodzinie&#8221; zako\u0144czy\u0142 si\u0119 w 1997 r., czyli dziewi\u0119\u0107 lat temu. Jackowski zosta\u0142 w\u00f3wczas pos\u0142em AWS. W 2001 r. wr\u00f3ci\u0142 jednak do telewizji. Formalnie jest w niej do dzi\u015b. &#8211; czytamy w dzienniku<\/p>\n<p>&#8211; Jest zasada, \u017ce dziennikarz, kt\u00f3ry przez rok nic nie robi, zostawiany jest do dyspozycji kadr &#8211; m\u00f3wi &#8222;Rz&#8221; rzecznik TVP Jaros\u0142aw Szczepa\u0144ski. Zaznacza jednak, \u017ce wystarczy, i\u017c taka osoba np. przedstawi projekt programu, kt\u00f3ry z jakich\u015b wzgl\u0119d\u00f3w nie mo\u017ce by\u0107 zrealizowany, by kierownictwo nie mog\u0142o mie\u0107 do niego pretensji. <\/p>\n","protected":false},"excerpt":{"rendered":"W Telewizji Polskiej m\u00f3wi\u0142o si\u0119 niedawno o restrukturyzacji i cz\u0119\u015bciowej redukcji zatrudnienia. Tymczasem &#8222;Rzeczpospolita&#8221; dotar\u0142a do mocno zaanga\u017cowanych polityk\u00f3w LPR i PiS-u, kt\u00f3rzy formalnie pracuj\u0105 w TVP &#8211; nic konkretnego na Woronicza nie robi\u0105c.","protected":false},"author":1,"featured_media":82480,"comment_status":"open","ping_status":"closed","sticky":false,"template":"","format":"standard","meta":{"csco_display_header_overlay":false,"csco_singular_sidebar":"","csco_page_header_type":"","csco_page_load_nextpost":"","csco_post_video_location":[],"csco_post_video_location_hash":"","csco_post_video_url":"","csco_post_video_bg_start_time":0,"csco_post_video_bg_end_time":0,"footnotes":""},"categories":[9670],"tags":[],"class_list":{"0":"post-82479","1":"post","2":"type-post","3":"status-publish","4":"format-standard","5":"has-post-thumbnail","7":"category-tv","8":"cs-entry","9":"cs-video-wrap"},"_links":{"self":[{"href":"https:\/\/mediarun.com\/pl\/wp-json\/wp\/v2\/posts\/82479","targetHints":{"allow":["GET"]}}],"collection":[{"href":"https:\/\/mediarun.com\/pl\/wp-json\/wp\/v2\/posts"}],"about":[{"href":"https:\/\/mediarun.com\/pl\/wp-json\/wp\/v2\/types\/post"}],"author":[{"embeddable":true,"href":"https:\/\/mediarun.com\/pl\/wp-json\/wp\/v2\/users\/1"}],"replies":[{"embeddable":true,"href":"https:\/\/mediarun.com\/pl\/wp-json\/wp\/v2\/comments?post=82479"}],"version-history":[{"count":0,"href":"https:\/\/mediarun.com\/pl\/wp-json\/wp\/v2\/posts\/82479\/revisions"}],"wp:featuredmedia":[{"embeddable":true,"href":"https:\/\/mediarun.com\/pl\/wp-json\/wp\/v2\/media\/82480"}],"wp:attachment":[{"href":"https:\/\/mediarun.com\/pl\/wp-json\/wp\/v2\/media?parent=82479"}],"wp:term":[{"taxonomy":"category","embeddable":true,"href":"https:\/\/mediarun.com\/pl\/wp-json\/wp\/v2\/categories?post=82479"},{"taxonomy":"post_tag","embeddable":true,"href":"https:\/\/mediarun.com\/pl\/wp-json\/wp\/v2\/tags?post=82479"}],"curies":[{"name":"wp","href":"https:\/\/api.w.org\/{rel}","templated":true}]}}