{"id":82471,"date":"2006-01-10T16:48:40","date_gmt":"2006-01-10T15:48:40","guid":{"rendered":"https:\/\/mediarun.com\/index.php\/news-posts\/fakty-rmf-fm-w-tv-gryf\/"},"modified":"2006-01-10T16:48:40","modified_gmt":"2006-01-10T15:48:40","slug":"fakty-rmf-fm-w-tv-gryf","status":"publish","type":"post","link":"https:\/\/mediarun.com\/pl\/media\/radio\/fakty-rmf-fm-w-tv-gryf.html","title":{"rendered":"&#8222;Fakty&#8221; RMF FM w TV Gryf"},"content":{"rendered":"<p>&#8222;Fakty&#8221; RMF FM prezentowane s\u0105 w TV Gryf, co godzin\u0119 od 9 do 19 wraz z programem informacyjnym &#8222;Gryf Serwis&#8221;. <\/p>\n<p>TV Gryf to regionalna telewizja, kt\u00f3ra obejmuje swoim zasi\u0119giem Szczecin i okolice w promieniu 60 km, o profilu informacyjno-publicystycznym. W ofercie stacji, poza informacjami lokalnymi przekazywanymi co godzin\u0119, jest tak\u017ce miejsce na programy interwencyjne, rozmowy z go\u015b\u0107mi estrady i filmu, programy sportowe, kulinarne, dla dzieci, motoryzacyjne, o modzie i urodzie.<\/p>\n","protected":false},"excerpt":{"rendered":"Od poniedzia\u0142ku dzi\u0119ki specjalnemu serwisowi multimedialnemu widzowie szczeci\u0144skiej telewizji Gryf na \u017cywo mog\u0105 s\u0142ucha\u0107 &#8222;Fakt\u00f3w&#8221; RMF FM, czyta\u0107 je oraz ogl\u0105da\u0107 serwis zdj\u0119ciowy. &#8211; Tego rodzaju wsp\u00f3\u0142praca z mediami lokalnymi jest niezwykle cenna &#8211; m\u00f3wi Anna Koz\u0142owska, dyrektor PR w RMF FM.","protected":false},"author":1,"featured_media":82472,"comment_status":"open","ping_status":"closed","sticky":false,"template":"","format":"standard","meta":{"csco_display_header_overlay":false,"csco_singular_sidebar":"","csco_page_header_type":"","csco_page_load_nextpost":"","csco_post_video_location":[],"csco_post_video_location_hash":"","csco_post_video_url":"","csco_post_video_bg_start_time":0,"csco_post_video_bg_end_time":0,"footnotes":""},"categories":[9672],"tags":[],"class_list":{"0":"post-82471","1":"post","2":"type-post","3":"status-publish","4":"format-standard","5":"has-post-thumbnail","7":"category-radio","8":"cs-entry","9":"cs-video-wrap"},"_links":{"self":[{"href":"https:\/\/mediarun.com\/pl\/wp-json\/wp\/v2\/posts\/82471","targetHints":{"allow":["GET"]}}],"collection":[{"href":"https:\/\/mediarun.com\/pl\/wp-json\/wp\/v2\/posts"}],"about":[{"href":"https:\/\/mediarun.com\/pl\/wp-json\/wp\/v2\/types\/post"}],"author":[{"embeddable":true,"href":"https:\/\/mediarun.com\/pl\/wp-json\/wp\/v2\/users\/1"}],"replies":[{"embeddable":true,"href":"https:\/\/mediarun.com\/pl\/wp-json\/wp\/v2\/comments?post=82471"}],"version-history":[{"count":0,"href":"https:\/\/mediarun.com\/pl\/wp-json\/wp\/v2\/posts\/82471\/revisions"}],"wp:featuredmedia":[{"embeddable":true,"href":"https:\/\/mediarun.com\/pl\/wp-json\/wp\/v2\/media\/82472"}],"wp:attachment":[{"href":"https:\/\/mediarun.com\/pl\/wp-json\/wp\/v2\/media?parent=82471"}],"wp:term":[{"taxonomy":"category","embeddable":true,"href":"https:\/\/mediarun.com\/pl\/wp-json\/wp\/v2\/categories?post=82471"},{"taxonomy":"post_tag","embeddable":true,"href":"https:\/\/mediarun.com\/pl\/wp-json\/wp\/v2\/tags?post=82471"}],"curies":[{"name":"wp","href":"https:\/\/api.w.org\/{rel}","templated":true}]}}