{"id":82469,"date":"2006-01-10T17:52:43","date_gmt":"2006-01-10T16:52:43","guid":{"rendered":"https:\/\/mediarun.com\/index.php\/news-posts\/reportaz-na-smolnej-i-na-antenie-jedynki\/"},"modified":"2006-01-10T17:52:43","modified_gmt":"2006-01-10T16:52:43","slug":"reportaz-na-smolnej-i-na-antenie-jedynki","status":"publish","type":"post","link":"https:\/\/mediarun.com\/pl\/media\/radio\/reportaz-na-smolnej-i-na-antenie-jedynki.html","title":{"rendered":"Reporta\u017c na Smolnej i na antenie Jedynki"},"content":{"rendered":"<p>Bohater reporta\u017cu, Adam Andryszczyk, wita\u0142 w samotno\u015bci nowe tysi\u0105clecie na mazurskiej wsi, ale ca\u0142y czas mia\u0142 w\u0142\u0105czony mikrofon w swoim domowym studiu. Mia\u0142 te\u017c w\u0142\u0105czone radio, ustawione na Tr\u00f3jk\u0119, gdzie sw\u00f3j sylwestrowy program prowadzi\u0142 Janusz Kosi\u0144ski. <\/p>\n<p>Tre\u015bci\u0105 reporta\u017cu s\u0105 przemy\u015blenia i refleksje artysty z Mazur. Go\u015bciem spotkania z reporta\u017cem na Smolnej b\u0119dzie prezenter radiowy Janusz Kosi\u0144ski. Relacja ze spotkania znajdzie si\u0119 na antenie Jedynki w pi\u0105tek o godzinie 19.15. Jest to pierwsze z cyklu comiesi\u0119cznych spotka\u0144 z reporta\u017cem przy Smolnej. W lutym spotkania odb\u0119d\u0105 si\u0119 w dniach 1 i 8.<\/p>\n","protected":false},"excerpt":{"rendered":"W \u015brod\u0119 o godzinie 17 Studio Reporta\u017cu i Dokumentu Polskiego Radia zaprasza na spotkanie z reporta\u017cem do Domu Kultury \u015ar\u00f3dmie\u015bcie przy ul. Smolnej 9 w Warszawie. Zaprezentowana zostanie audycja Janusza Deblessema pt. &#8222;Moje milenium&#8221;.","protected":false},"author":1,"featured_media":82470,"comment_status":"open","ping_status":"closed","sticky":false,"template":"","format":"standard","meta":{"csco_display_header_overlay":false,"csco_singular_sidebar":"","csco_page_header_type":"","csco_page_load_nextpost":"","csco_post_video_location":[],"csco_post_video_location_hash":"","csco_post_video_url":"","csco_post_video_bg_start_time":0,"csco_post_video_bg_end_time":0,"footnotes":""},"categories":[9672],"tags":[],"class_list":{"0":"post-82469","1":"post","2":"type-post","3":"status-publish","4":"format-standard","5":"has-post-thumbnail","7":"category-radio","8":"cs-entry","9":"cs-video-wrap"},"_links":{"self":[{"href":"https:\/\/mediarun.com\/pl\/wp-json\/wp\/v2\/posts\/82469","targetHints":{"allow":["GET"]}}],"collection":[{"href":"https:\/\/mediarun.com\/pl\/wp-json\/wp\/v2\/posts"}],"about":[{"href":"https:\/\/mediarun.com\/pl\/wp-json\/wp\/v2\/types\/post"}],"author":[{"embeddable":true,"href":"https:\/\/mediarun.com\/pl\/wp-json\/wp\/v2\/users\/1"}],"replies":[{"embeddable":true,"href":"https:\/\/mediarun.com\/pl\/wp-json\/wp\/v2\/comments?post=82469"}],"version-history":[{"count":0,"href":"https:\/\/mediarun.com\/pl\/wp-json\/wp\/v2\/posts\/82469\/revisions"}],"wp:featuredmedia":[{"embeddable":true,"href":"https:\/\/mediarun.com\/pl\/wp-json\/wp\/v2\/media\/82470"}],"wp:attachment":[{"href":"https:\/\/mediarun.com\/pl\/wp-json\/wp\/v2\/media?parent=82469"}],"wp:term":[{"taxonomy":"category","embeddable":true,"href":"https:\/\/mediarun.com\/pl\/wp-json\/wp\/v2\/categories?post=82469"},{"taxonomy":"post_tag","embeddable":true,"href":"https:\/\/mediarun.com\/pl\/wp-json\/wp\/v2\/tags?post=82469"}],"curies":[{"name":"wp","href":"https:\/\/api.w.org\/{rel}","templated":true}]}}