{"id":82464,"date":"2006-01-10T22:02:07","date_gmt":"2006-01-10T21:02:07","guid":{"rendered":"https:\/\/mediarun.com\/index.php\/news-posts\/zmiany-kadrowe-w-rzeczpospolitej\/"},"modified":"2006-01-10T22:02:07","modified_gmt":"2006-01-10T21:02:07","slug":"zmiany-kadrowe-w-rzeczpospolitej","status":"publish","type":"post","link":"https:\/\/mediarun.com\/pl\/media\/prasa\/zmiany-kadrowe-w-rzeczpospolitej.html","title":{"rendered":"Zmiany kadrowe w &#8222;Rzeczpospolitej&#8221;"},"content":{"rendered":"<p>Redaktor naczelny &#8222;Rzeczpospolitej&#8221; i zarazem prezes wydaj\u0105cej j\u0105 sp\u00f3\u0142ki Presspublica, Grzegorz Gauden powiedzia\u0142 &#8222;Gazecie Wyborczej&#8221;, \u017ce potrzebne s\u0105 zmiany w organizacji pracy kierownictwa redakcji. &#8211; To by\u0142o wsp\u00f3lne uzgodnienie z Jankiem. B\u0119dzie kto\u015b na jego miejsce, ale za wcze\u015bnie o tym m\u00f3wi\u0107 &#8211; twierdzi Gauden.<\/p>\n<p>&#8211; To decyzja redaktora naczelnego i nie b\u0119d\u0119 jej komentowa\u0142 &#8211; powiedzia\u0142 &#8222;GW&#8221; Jan Sk\u00f3rzy\u0144ski.<\/p>\n<p>Wed\u0142ug informacji &#8222;Gazety Wyborczej&#8221;, przed Sk\u00f3rzy\u0144skim ze stanowiskiem po\u017cegna\u0142 si\u0119 Krzysztof Sobczak, szef dzia\u0142u prawnego. <\/p>\n<p>Dziennik czeka te\u017c zmiana formatu, na po\u0142ow\u0119 mniejszy od obecnego &#8211; informuje &#8222;GW&#8221;.<\/p>\n","protected":false},"excerpt":{"rendered":"Od 1 lutego Jan Sk\u00f3rzy\u0144ski przestaje pe\u0142ni\u0107 funkcj\u0119 zast\u0119pcy redaktora naczelnego &#8222;Rzeczpospolitej&#8221; &#8211; informuje &#8222;Gazeta Wyborcza&#8221;. Dziennik wyja\u015bnia, \u017ce dziennikarz pozostanie w gazecie. Dalej kierowa\u0107 b\u0119dzie sobotnim dodatkiem &#8222;Plus Minus&#8221;.","protected":false},"author":1,"featured_media":82465,"comment_status":"open","ping_status":"closed","sticky":false,"template":"","format":"standard","meta":{"csco_display_header_overlay":false,"csco_singular_sidebar":"","csco_page_header_type":"","csco_page_load_nextpost":"","csco_post_video_location":[],"csco_post_video_location_hash":"","csco_post_video_url":"","csco_post_video_bg_start_time":0,"csco_post_video_bg_end_time":0,"footnotes":""},"categories":[9673],"tags":[],"class_list":{"0":"post-82464","1":"post","2":"type-post","3":"status-publish","4":"format-standard","5":"has-post-thumbnail","7":"category-prasa","8":"cs-entry","9":"cs-video-wrap"},"_links":{"self":[{"href":"https:\/\/mediarun.com\/pl\/wp-json\/wp\/v2\/posts\/82464","targetHints":{"allow":["GET"]}}],"collection":[{"href":"https:\/\/mediarun.com\/pl\/wp-json\/wp\/v2\/posts"}],"about":[{"href":"https:\/\/mediarun.com\/pl\/wp-json\/wp\/v2\/types\/post"}],"author":[{"embeddable":true,"href":"https:\/\/mediarun.com\/pl\/wp-json\/wp\/v2\/users\/1"}],"replies":[{"embeddable":true,"href":"https:\/\/mediarun.com\/pl\/wp-json\/wp\/v2\/comments?post=82464"}],"version-history":[{"count":0,"href":"https:\/\/mediarun.com\/pl\/wp-json\/wp\/v2\/posts\/82464\/revisions"}],"wp:featuredmedia":[{"embeddable":true,"href":"https:\/\/mediarun.com\/pl\/wp-json\/wp\/v2\/media\/82465"}],"wp:attachment":[{"href":"https:\/\/mediarun.com\/pl\/wp-json\/wp\/v2\/media?parent=82464"}],"wp:term":[{"taxonomy":"category","embeddable":true,"href":"https:\/\/mediarun.com\/pl\/wp-json\/wp\/v2\/categories?post=82464"},{"taxonomy":"post_tag","embeddable":true,"href":"https:\/\/mediarun.com\/pl\/wp-json\/wp\/v2\/tags?post=82464"}],"curies":[{"name":"wp","href":"https:\/\/api.w.org\/{rel}","templated":true}]}}