{"id":82454,"date":"2006-01-10T22:37:46","date_gmt":"2006-01-10T21:37:46","guid":{"rendered":"https:\/\/mediarun.com\/index.php\/news-posts\/remadays-z-akademia-briefu\/"},"modified":"2006-01-10T22:37:46","modified_gmt":"2006-01-10T21:37:46","slug":"remadays-z-akademia-briefu","status":"publish","type":"post","link":"https:\/\/mediarun.com\/pl\/marketing\/atl\/remadays-z-akademia-briefu.html","title":{"rendered":"RemaDays z Akademi\u0105 Briefu"},"content":{"rendered":"<p>Akademia Brief&#8217;u jest do\u015bwiadczonym organizatorem konferencji i szkole\u0144 w bran\u017cy reklamowej. Kongres jest przeznaczony szczeg\u00f3lnie dla klient\u00f3w ko\u0144cowych, ale r\u00f3wnie\u017c dla przedstawicieli agencji reklamowych i ma by\u0107 postrzegany jako \u017ar\u00f3d\u0142o wiedzy o nowych osi\u0105gni\u0119ciach na rynku. Akademia Brief&#8217;u zadba\u0142a o ca\u0142kowit\u0105 opraw\u0119 merytoryczn\u0105 &#8211; kilkana\u015bcie prelekcji oraz prezentacji wyg\u0142oszonych przez znakomitych praktyk\u00f3w z dziedzin marketingu i reklamy oraz prelegent\u00f3w zagranicznych b\u0119dzie niecodziennym wydarzeniem podczas Mi\u0119dzynarodowych Dni Marketingu i Reklamy RemaDays 2006. <\/p>\n<p>W ka\u017cdym dniu zostanie poruszony inny temat zwi\u0105zany z nowoczesnymi rozwi\u0105zaniami w dzia\u0142aniach marketingowych. Podczas pierwszego dnia targ\u00f3w na kongresie zostanie przeanalizowana sytuacja na rynku bran\u017cy reklamowej oraz marketingowej. Dodatkowo b\u0119dziemy mogli uzyska\u0107 szczeg\u00f3\u0142owe informacje o rynku niemieckim od przedstawicieli z tego kraju. Drugi dzie\u0144 po\u015bwi\u0119cony jest turystyce. Poruszone zostan\u0105 g\u00f3wnie kwestie zwi\u0105zane z marketingiem hotelowym. Zostanie przedstawiony szereg mo\u017cliwo\u015bci dzia\u0142a\u0144 jakie mo\u017ce zaproponowa\u0107 ten sektor. W trzecim dniu zostanie przekazana Pa\u0144stwu wiedza na temat powszechnie ju\u017c dzi\u015b znanej, u\u017cywanej i najwi\u0119kszej platformie komunikacji jak\u0105 jest sie\u0107 Internet. Sie\u0107, kt\u00f3ra ma najwi\u0119ksze znaczenie ze wzgl\u0119du na olbrzymi\u0105 skale dotarcia. Podczas prelekcji om\u00f3wiona zostanie przede wszystkim skuteczno\u015b\u0107 poszczeg\u00f3lnych form i metod komunikacji.  Dotarcie z informacj\u0105 o narz\u0119dziach i zastosowaniach w marketingu i reklamie do odbiorc\u00f3w us\u0142ug i produkt\u00f3w umo\u017cliwia \u0142atw\u0105 komunikacj\u0119 w\u015br\u00f3d wszystkich sektor\u00f3w bran\u017cy i jest niezwykle wa\u017cnym elementem w tworzeniu nowych rozwi\u0105za\u0144.<\/p>\n<p>Mi\u0119dzynarodowe Dni Marketingu i Reklamy RemaDays to najwi\u0119ksze spotkanie bran\u017cy reklamowej w Polsce. Celem imprezy jest m.in. stworzenie szerokiej platformy komunikacyjnej dla przedstawicieli wszystkich sektor\u00f3w dzia\u0142alno\u015bci marketingowej oraz integracja \u015brodowisk pracuj\u0105cych w r\u00f3\u017cnych sektorach bran\u017cy. Impreza jest te\u017c miejscem wielop\u0142aszczyznowego tematycznie dialogu partner\u00f3w w r\u00f3\u017cnych sektorach bran\u017cy. Ju\u017c pierwsza edycja tej imprezy w marcu b.r. zgromadzi\u0142a wi\u0119cej wystawc\u00f3w ni\u017c jakiekolwiek inne spotkanie bran\u017cowe w kraju. W dniach 7.-9. lutego 2006 na warszawskim EXPO odb\u0119dzie si\u0119 druga edycja tej imprezy. Na oko\u0142o 10000 m&sup2; tysi\u0105ce praktyk\u00f3w bran\u017cy spotka si\u0119, by pozna\u0107 najnowsze produkty, rozwi\u0105zania oraz trendy w marketingu i reklamie. Tym razem organizatorzy licz\u0105 na pobicie rekordu liczby zwiedzaj\u0105cych. <\/p>\n","protected":false},"excerpt":{"rendered":"Organizator targ\u00f3w RemaDays 2006, sp\u00f3\u0142ka GJC Inter Media podpisa\u0142a umow\u0119 o wsp\u00f3\u0142pracy z Akademi\u0105 Brief&#8217;u. W my\u015bl umowy, Akademia Brief&#8217;u zajmie si\u0119 przygotowaniem merytorycznej cz\u0119\u015bci Kongresu Marketingu i Reklamy tegorocznej edycji RemaDays.","protected":false},"author":1,"featured_media":0,"comment_status":"open","ping_status":"closed","sticky":false,"template":"","format":"standard","meta":{"csco_display_header_overlay":false,"csco_singular_sidebar":"","csco_page_header_type":"","csco_page_load_nextpost":"","csco_post_video_location":[],"csco_post_video_location_hash":"","csco_post_video_url":"","csco_post_video_bg_start_time":0,"csco_post_video_bg_end_time":0,"footnotes":""},"categories":[9642],"tags":[],"class_list":{"0":"post-82454","1":"post","2":"type-post","3":"status-publish","4":"format-standard","6":"category-atl","7":"cs-entry","8":"cs-video-wrap"},"_links":{"self":[{"href":"https:\/\/mediarun.com\/pl\/wp-json\/wp\/v2\/posts\/82454","targetHints":{"allow":["GET"]}}],"collection":[{"href":"https:\/\/mediarun.com\/pl\/wp-json\/wp\/v2\/posts"}],"about":[{"href":"https:\/\/mediarun.com\/pl\/wp-json\/wp\/v2\/types\/post"}],"author":[{"embeddable":true,"href":"https:\/\/mediarun.com\/pl\/wp-json\/wp\/v2\/users\/1"}],"replies":[{"embeddable":true,"href":"https:\/\/mediarun.com\/pl\/wp-json\/wp\/v2\/comments?post=82454"}],"version-history":[{"count":0,"href":"https:\/\/mediarun.com\/pl\/wp-json\/wp\/v2\/posts\/82454\/revisions"}],"wp:attachment":[{"href":"https:\/\/mediarun.com\/pl\/wp-json\/wp\/v2\/media?parent=82454"}],"wp:term":[{"taxonomy":"category","embeddable":true,"href":"https:\/\/mediarun.com\/pl\/wp-json\/wp\/v2\/categories?post=82454"},{"taxonomy":"post_tag","embeddable":true,"href":"https:\/\/mediarun.com\/pl\/wp-json\/wp\/v2\/tags?post=82454"}],"curies":[{"name":"wp","href":"https:\/\/api.w.org\/{rel}","templated":true}]}}