{"id":82451,"date":"2006-01-10T23:35:40","date_gmt":"2006-01-10T22:35:40","guid":{"rendered":"https:\/\/mediarun.com\/index.php\/news-posts\/rn-tvp-nie-chce-sarnowskiego\/"},"modified":"2006-01-10T23:35:40","modified_gmt":"2006-01-10T22:35:40","slug":"rn-tvp-nie-chce-sarnowskiego","status":"publish","type":"post","link":"https:\/\/mediarun.com\/pl\/media\/tv\/rn-tvp-nie-chce-sarnowskiego.html","title":{"rendered":"RN TVP nie chce Sarnowskiego"},"content":{"rendered":"<p>Rada Nadzorcza TVP SA zaakceptowa\u0142a kandydatur\u0119 Joanny Strzemiecznej &#8211; Wielczyk na stanowisko zast\u0119pcy dyrektora TVP3 Gda\u0144sk. <\/p>\n<p>Joanna Strzemieczna &#8211; Wielczyk uko\u0144czy\u0142a filologi\u0119 polsk\u0105 na Uniwersytecie Gda\u0144skim. Wsp\u00f3\u0142pracowa\u0142a z Urz\u0119dem Miasta w Sopocie i instytutami Kultury Polskiej w Sztokholmie, Berlinie i Pary\u017cu, a tak\u017ce z tygodnikiem &#8222;M\u0142oda Polska&#8221;, &#8222;Gazet\u0105 Wyborcz\u0105&#8221; i &#8222;Dziennikiem Ba\u0142tyckim&#8221;. Z TVP3 Gda\u0144sk, gdzie jest dziennikarzem, zwi\u0105zana od 1991 roku. <\/p>\n","protected":false},"excerpt":{"rendered":"Rada Nadzorcza TVP, na posiedzeniu w dniu 10 stycznia 2006 r. odrzuci\u0142a kandydatur\u0119 Leszka Sarnowskiego na dyrektora Oddzia\u0142u Telewizji Polskiej SA w Gda\u0144sku. Leszek Sarnowski wygra\u0142 konkurs i zosta\u0142 zaakceptowany jako kandydat na stanowisko dyrektora oddzia\u0142u przez Zarz\u0105d TVP SA.","protected":false},"author":1,"featured_media":82452,"comment_status":"open","ping_status":"closed","sticky":false,"template":"","format":"standard","meta":{"csco_display_header_overlay":false,"csco_singular_sidebar":"","csco_page_header_type":"","csco_page_load_nextpost":"","csco_post_video_location":[],"csco_post_video_location_hash":"","csco_post_video_url":"","csco_post_video_bg_start_time":0,"csco_post_video_bg_end_time":0,"footnotes":""},"categories":[9670],"tags":[],"class_list":{"0":"post-82451","1":"post","2":"type-post","3":"status-publish","4":"format-standard","5":"has-post-thumbnail","7":"category-tv","8":"cs-entry","9":"cs-video-wrap"},"_links":{"self":[{"href":"https:\/\/mediarun.com\/pl\/wp-json\/wp\/v2\/posts\/82451","targetHints":{"allow":["GET"]}}],"collection":[{"href":"https:\/\/mediarun.com\/pl\/wp-json\/wp\/v2\/posts"}],"about":[{"href":"https:\/\/mediarun.com\/pl\/wp-json\/wp\/v2\/types\/post"}],"author":[{"embeddable":true,"href":"https:\/\/mediarun.com\/pl\/wp-json\/wp\/v2\/users\/1"}],"replies":[{"embeddable":true,"href":"https:\/\/mediarun.com\/pl\/wp-json\/wp\/v2\/comments?post=82451"}],"version-history":[{"count":0,"href":"https:\/\/mediarun.com\/pl\/wp-json\/wp\/v2\/posts\/82451\/revisions"}],"wp:featuredmedia":[{"embeddable":true,"href":"https:\/\/mediarun.com\/pl\/wp-json\/wp\/v2\/media\/82452"}],"wp:attachment":[{"href":"https:\/\/mediarun.com\/pl\/wp-json\/wp\/v2\/media?parent=82451"}],"wp:term":[{"taxonomy":"category","embeddable":true,"href":"https:\/\/mediarun.com\/pl\/wp-json\/wp\/v2\/categories?post=82451"},{"taxonomy":"post_tag","embeddable":true,"href":"https:\/\/mediarun.com\/pl\/wp-json\/wp\/v2\/tags?post=82451"}],"curies":[{"name":"wp","href":"https:\/\/api.w.org\/{rel}","templated":true}]}}