{"id":82448,"date":"2006-01-10T23:42:28","date_gmt":"2006-01-10T22:42:28","guid":{"rendered":"https:\/\/mediarun.com\/index.php\/news-posts\/wielkopolska-tv-juz-wkrotce\/"},"modified":"2006-01-10T23:42:28","modified_gmt":"2006-01-10T22:42:28","slug":"wielkopolska-tv-juz-wkrotce","status":"publish","type":"post","link":"https:\/\/mediarun.com\/pl\/media\/tv\/wielkopolska-tv-juz-wkrotce.html","title":{"rendered":"Wielkopolska.tv ju\u017c wkr\u00f3tce"},"content":{"rendered":"<p>&#8211; Za przedsi\u0119wzi\u0119ciem stoj\u0105 Ryszard \u0106wirlej, by\u0142y dziennikarz TVP 3 Pozna\u0144 i by\u0142y rzecznik prasowy pozna\u0144skiego ZNTK oraz by\u0142y operator telewizji publicznej w Poznaniu Pawe\u0142 Dygban. To oni zaanga\u017cowali swoje pieni\u0105dze i powo\u0142ali regionaln\u0105 telewizj\u0119 informacyjn\u0105. &#8211; czytamy w &#8222;GW&#8221;<\/p>\n<p>&#8211; W tej chwili trwa emisja pr\u00f3bna. Jednak za trzy tygodnie powinni\u015bmy rozpocz\u0105\u0107 nadawanie programu informacyjnego &#8211; m\u00f3wi dziennikowi \u0106wirlej. <\/p>\n","protected":false},"excerpt":{"rendered":"&#8211; Pierwsza w Polsce telewizja nadaj\u0105ca wy\u0142\u0105cznie w internecie ma ruszy\u0107 pod koniec lutego. Wielkopolska.tv ma by\u0107 programem informacyjnym po\u015bwi\u0119conym regionowi &#8211; informuje &#8222;Gazeta Wyborcza&#8221;","protected":false},"author":1,"featured_media":0,"comment_status":"open","ping_status":"closed","sticky":false,"template":"","format":"standard","meta":{"csco_display_header_overlay":false,"csco_singular_sidebar":"","csco_page_header_type":"","csco_page_load_nextpost":"","csco_post_video_location":[],"csco_post_video_location_hash":"","csco_post_video_url":"","csco_post_video_bg_start_time":0,"csco_post_video_bg_end_time":0,"footnotes":""},"categories":[9670],"tags":[],"class_list":{"0":"post-82448","1":"post","2":"type-post","3":"status-publish","4":"format-standard","6":"category-tv","7":"cs-entry","8":"cs-video-wrap"},"_links":{"self":[{"href":"https:\/\/mediarun.com\/pl\/wp-json\/wp\/v2\/posts\/82448","targetHints":{"allow":["GET"]}}],"collection":[{"href":"https:\/\/mediarun.com\/pl\/wp-json\/wp\/v2\/posts"}],"about":[{"href":"https:\/\/mediarun.com\/pl\/wp-json\/wp\/v2\/types\/post"}],"author":[{"embeddable":true,"href":"https:\/\/mediarun.com\/pl\/wp-json\/wp\/v2\/users\/1"}],"replies":[{"embeddable":true,"href":"https:\/\/mediarun.com\/pl\/wp-json\/wp\/v2\/comments?post=82448"}],"version-history":[{"count":0,"href":"https:\/\/mediarun.com\/pl\/wp-json\/wp\/v2\/posts\/82448\/revisions"}],"wp:attachment":[{"href":"https:\/\/mediarun.com\/pl\/wp-json\/wp\/v2\/media?parent=82448"}],"wp:term":[{"taxonomy":"category","embeddable":true,"href":"https:\/\/mediarun.com\/pl\/wp-json\/wp\/v2\/categories?post=82448"},{"taxonomy":"post_tag","embeddable":true,"href":"https:\/\/mediarun.com\/pl\/wp-json\/wp\/v2\/tags?post=82448"}],"curies":[{"name":"wp","href":"https:\/\/api.w.org\/{rel}","templated":true}]}}