{"id":82447,"date":"2006-01-10T23:45:19","date_gmt":"2006-01-10T22:45:19","guid":{"rendered":"https:\/\/mediarun.com\/index.php\/news-posts\/paszporty-polityki-przyznane-3\/"},"modified":"2006-01-10T23:45:19","modified_gmt":"2006-01-10T22:45:19","slug":"paszporty-polityki-przyznane-3","status":"publish","type":"post","link":"https:\/\/mediarun.com\/pl\/media\/prasa\/paszporty-polityki-przyznane-3.html","title":{"rendered":"Paszporty Polityki przyznane"},"content":{"rendered":"<p>Wr\u0119czaj\u0105c zwyci\u0119zcom symboliczne Paszporty, po raz kolejny przypomniano, i\u017c s\u0105 to symboliczne wyr\u00f3\u017cnienia (plus niesymboliczne diety, 10 tys. z\u0142) przyznawane artystom m\u0142odym i ju\u017c wybitnym (o czym \u015bwiadcz\u0105 rozliczne nagrody wymienione w zamieszczonych obok ich biogramach), ale ci\u0105gle jeszcze rozwijaj\u0105cym si\u0119. <\/p>\n<p>Paszport to jednocze\u015bnie dow\u00f3d to\u017csamo\u015bci, z kt\u00f3rym przekracza si\u0119 granice. Nagrodzono tw\u00f3rc\u00f3w oryginalnych, niepokornych, odnosz\u0105cych si\u0119 w swych dzie\u0142ach do rzeczywisto\u015bci, jednocze\u015bnie za\u015b uniwersalnych, trafiaj\u0105cych zar\u00f3wno do krajowego, jak i zagranicznego odbiorcy. To oni b\u0119d\u0105 ambasadorami polskiej kultury, do\u0142\u0105czaj\u0105c do laureat\u00f3w Paszport\u00f3w z poprzednich lat.<\/p>\n<p>Laureaci 2005<\/p>\n<p>FILM<\/p>\n<p>&#8226; Paszport &#8222;Polityki&#8221; otrzyma\u0142 Przemys\u0142aw Wojcieszek.<br \/>\nNagroda za oryginalne dzie\u0142a b\u0119d\u0105ce manifestem pokolenia trzydziestolatk\u00f3w szukaj\u0105cych dla siebie miejsca w naszej rzeczywisto\u015bci.<\/p>\n<p>TEATR<\/p>\n<p>&#8226; Paszport &#8222;Polityki&#8221; otrzyma\u0142 Jan Klata.<br \/>\nNagroda za nowatorskie i odwa\u017cne odczytywanie klasyki, za pasj\u0119 i up\u00f3r, z jakim diagnozuje stan polskiej rzeczywisto\u015bci i bada si\u0142\u0119 narodowych mit\u00f3w.<\/p>\n<p>SZTUKI WIZUALNE<\/p>\n<p>&#8226; Paszport &#8222;Polityki&#8221; otrzyma\u0142 Robert Ku\u015bmirowski.<br \/>\nNagroda za tworzone z rozmachem dzie\u0142a, kt\u00f3re na nowo stawiaj\u0105 pytania o skuteczno\u015b\u0107 iluzji w sztuce.<\/p>\n<p>MUZYKA POWA\u017bNA<\/p>\n<p>&#8226; Paszport &#8222;Polityki&#8221; otrzyma\u0142 Rafa\u0142 Blechacz.<br \/>\nNagroda za wybitny talent pianistyczny wsparty rzeteln\u0105 prac\u0105, za umiej\u0119tno\u015b\u0107 kszta\u0142towania w\u0142asnego rozwoju oraz za skromno\u015b\u0107 i pogod\u0119 ducha.<\/p>\n<p>MUZYKA POPULARNA<\/p>\n<p>&#8226; Paszport &#8222;Polityki&#8221; otrzyma\u0142 Skalpel (Marcin Cichy i Igor Pud\u0142o).<br \/>\nNagroda za oryginalny maria\u017c jazzu i elektroniki, za swobodne i tw\u00f3rcze przekraczanie granic muzycznych styl\u00f3w.<\/p>\n<p>KREATOR KULTURY<\/p>\n<p>&#8226; Pawe\u0142 Dunin-W\u0105sowicz<br \/>\nUr. 1967, z wykszta\u0142cenia dziennikarz, z zami\u0142owania: publicysta, krytyk literacki i wydawca. Od 15 lat szefuje wydawnictwu Lampa i Iskra Bo\u017ca, jest redaktorem naczelnym czasopisma &#8222;Lampa&#8221;. <\/p>\n","protected":false},"excerpt":{"rendered":"Po raz trzynasty przyznano wyj\u0105tkowo uzdolnionym nagrody kulturalne tygodnika opinii &#8222;Polityka&#8221;. Uroczysta gala, transmitowana na \u017cywo przez telewizyjn\u0105 Dw\u00f3jk\u0119, odby\u0142a si\u0119 10 stycznia w sto\u0142ecznym Teatrze Polskim.","protected":false},"author":1,"featured_media":0,"comment_status":"open","ping_status":"closed","sticky":false,"template":"","format":"standard","meta":{"csco_display_header_overlay":false,"csco_singular_sidebar":"","csco_page_header_type":"","csco_page_load_nextpost":"","csco_post_video_location":[],"csco_post_video_location_hash":"","csco_post_video_url":"","csco_post_video_bg_start_time":0,"csco_post_video_bg_end_time":0,"footnotes":""},"categories":[9673],"tags":[],"class_list":{"0":"post-82447","1":"post","2":"type-post","3":"status-publish","4":"format-standard","6":"category-prasa","7":"cs-entry","8":"cs-video-wrap"},"_links":{"self":[{"href":"https:\/\/mediarun.com\/pl\/wp-json\/wp\/v2\/posts\/82447","targetHints":{"allow":["GET"]}}],"collection":[{"href":"https:\/\/mediarun.com\/pl\/wp-json\/wp\/v2\/posts"}],"about":[{"href":"https:\/\/mediarun.com\/pl\/wp-json\/wp\/v2\/types\/post"}],"author":[{"embeddable":true,"href":"https:\/\/mediarun.com\/pl\/wp-json\/wp\/v2\/users\/1"}],"replies":[{"embeddable":true,"href":"https:\/\/mediarun.com\/pl\/wp-json\/wp\/v2\/comments?post=82447"}],"version-history":[{"count":0,"href":"https:\/\/mediarun.com\/pl\/wp-json\/wp\/v2\/posts\/82447\/revisions"}],"wp:attachment":[{"href":"https:\/\/mediarun.com\/pl\/wp-json\/wp\/v2\/media?parent=82447"}],"wp:term":[{"taxonomy":"category","embeddable":true,"href":"https:\/\/mediarun.com\/pl\/wp-json\/wp\/v2\/categories?post=82447"},{"taxonomy":"post_tag","embeddable":true,"href":"https:\/\/mediarun.com\/pl\/wp-json\/wp\/v2\/tags?post=82447"}],"curies":[{"name":"wp","href":"https:\/\/api.w.org\/{rel}","templated":true}]}}