{"id":82445,"date":"2006-01-11T00:58:25","date_gmt":"2006-01-10T23:58:25","guid":{"rendered":"https:\/\/mediarun.com\/index.php\/news-posts\/serial-o-dziennikarskiej-rodzinie\/"},"modified":"2006-01-11T00:58:25","modified_gmt":"2006-01-10T23:58:25","slug":"serial-o-dziennikarskiej-rodzinie","status":"publish","type":"post","link":"https:\/\/mediarun.com\/pl\/media\/tv\/serial-o-dziennikarskiej-rodzinie.html","title":{"rendered":"Serial o dziennikarskiej rodzinie"},"content":{"rendered":"<p>W serialu zobaczymy mi. in. Wojciecha Malajkata, Magdalen\u0119 W\u00f3jcik, Edyt\u0119 Jungowsk\u0105, Zofi\u0119 Czerwi\u0144sk\u0105, Ew\u0119 Kasprzyk, Andrzeja Mastalerza, Arkadiusza Jakubika, Eryka Lubosa i Agnieszk\u0119 Wielgosz. Produkcja pokazuje codzienne perypetie ma\u0142\u017ce\u0144stwa dziennikarzy &#8211; Lilki, pracuj\u0105cej dla pisma kobiecego i Piotra, kt\u00f3ry niedawno straci\u0142 prac\u0119. Maj\u0105 o\u015bmioletniego syna &#8211; Franka. W serialu pojawi\u0105 si\u0119 te\u017c te\u015bciowe obydwu ma\u0142\u017conk\u00f3w. W ich role wciel\u0105 si\u0119 Zofia Czerwi\u0144ska i Ewa Kasprzyk. Arkadiusz Jakubik, znany z &#8222;13 posterunku 2&#8221; b\u0119dzie szalonym dozorc\u0105, a Edyta Jungowska popularna jako siostra Bo\u017cena z serialu &#8222;Na dobre i na z\u0142e&#8221; &#8211; s\u0105siadk\u0105. <\/p>\n<p>Serial jest re\u017cyserowany przez King\u0119 Lewi\u0144sk\u0105. &#8211; Gawlikowie to sympatyczna rodzina, do kt\u00f3rej mo\u017cna wej\u015b\u0107 i zamieszka\u0107. Szuka\u0142am ciep\u0142a, kt\u00f3re jest w &#8222;40-latku&#8221; &#8211; zdradzi\u0142a debiutuj\u0105ca re\u017cyser sitcomu, szukaj\u0105ca wzoru w kultowej produkcji telewizyjnej sprzed trzech dekad. Scenariusz napisa\u0142a Karolina Szablewska, kt\u00f3ra z kolei na pomys\u0142 Gawlik\u00f3w wpad\u0142a ju\u017c dawno z my\u015bl\u0105 o s\u0142uchowisku radiowym. Serial powsta\u0142 przy wsp\u00f3\u0142pracy TVP i Avocado TV. Na razie zrealizowano 13 odcink\u00f3w. <\/p>\n<p>Znacz\u0105cy udzia\u0142 w sitcomie maj\u0105 kobiety. Tw\u00f3rcy chc\u0105 otwarcie pokazywa\u0107 problemy, przed kt\u00f3rymi staje ka\u017cde ma\u0142\u017ce\u0144stwo klasy \u015bredniej. Jednocze\u015bnie ich prezentacja zapewni rozrywk\u0119 na dobrym poziomie. Odwt\u00f3rcy g\u0142\u00f3wnych r\u00f3l bez ogr\u00f3dek porusz\u0105 tak\u017ce te najbardziej intymne kwestie. <\/p>\n<p>Si\u0142\u0105 serialu ma by\u0107 dobra obsada &#8211; zobaczymy aktor\u00f3w znanych z innych program\u00f3w TVP2. Jedna z r\u00f3l przypad\u0142a Kevinowi Aistonowi. Zapytali\u015bmy Edyt\u0119 Jungowsk\u0105, czy jej obecno\u015b\u0107 w sitcomie nie zmniejszy udzia\u0142u w &#8222;Na dobre i na z\u0142e&#8221;, kt\u00f3ry przyni\u00f3s\u0142 popularno\u015b\u0107 aktorce. &#8211;  My\u015bl\u0119, \u017ce tak si\u0119 nie stanie, bo to jest drugoplanowa posta\u0107. W &#8222;Na dobre i na z\u0142e&#8221; te\u017c mam drugoplanow\u0105 rol\u0119 &#8211; powiedzia\u0142a nam Jungowska, kt\u00f3ra po cichu liczy, \u017ce nowy serial jeszcze bardziej wzmocni jej popularno\u015b\u0107.<\/p>\n<p>Premierowy odcinek &#8222;Codziennej 2 m. 3&#8221; 15 stycznia w TVP2 o 13:30. Od marca serial b\u0119dzie pojawia\u0142 si\u0119 na antenie o 16:00. Emisj\u0119 pierwszego odcinka poprzedz\u0105 intensywne zapowiedzi na antenie &#8222;Dw\u00f3jki&#8221;, a tak\u017ce promocja radiowa. W Radiu Zet i Z\u0142otych Przebojach pojawi\u0105 si\u0119 30-sekundowe spoty z udzia\u0142em aktor\u00f3w. Kampania promocyjna rozpocznie si\u0119 12 stycznia, a sko\u0144czy 27 stycznia. <\/p>\n","protected":false},"excerpt":{"rendered":"15 stycznia na antenie TVP2 premiera nowego serialu, kt\u00f3ry umocni niedzieln\u0105 ram\u00f3wk\u0119. &#8211; Nie jest to do ko\u0144ca sitcom &#8211; powiedzia\u0142a dziennikarzom Nina Terentiew. Szefowa &#8222;telewizyjnej Dw\u00f3jki&#8221; zauwa\u017cy\u0142a, \u017ce od dawna na tej antenie nie mia\u0142a miejsca premiera serialu komediowego. &#8222;Codzienna 2 m. 3&#8221; to produkcja studyjna. Atutem nowej propozycji TVP2 maj\u0105 by\u0107 znani aktorzy.","protected":false},"author":1,"featured_media":82446,"comment_status":"open","ping_status":"closed","sticky":false,"template":"","format":"standard","meta":{"csco_display_header_overlay":false,"csco_singular_sidebar":"","csco_page_header_type":"","csco_page_load_nextpost":"","csco_post_video_location":[],"csco_post_video_location_hash":"","csco_post_video_url":"","csco_post_video_bg_start_time":0,"csco_post_video_bg_end_time":0,"footnotes":""},"categories":[9670],"tags":[],"class_list":{"0":"post-82445","1":"post","2":"type-post","3":"status-publish","4":"format-standard","5":"has-post-thumbnail","7":"category-tv","8":"cs-entry","9":"cs-video-wrap"},"_links":{"self":[{"href":"https:\/\/mediarun.com\/pl\/wp-json\/wp\/v2\/posts\/82445","targetHints":{"allow":["GET"]}}],"collection":[{"href":"https:\/\/mediarun.com\/pl\/wp-json\/wp\/v2\/posts"}],"about":[{"href":"https:\/\/mediarun.com\/pl\/wp-json\/wp\/v2\/types\/post"}],"author":[{"embeddable":true,"href":"https:\/\/mediarun.com\/pl\/wp-json\/wp\/v2\/users\/1"}],"replies":[{"embeddable":true,"href":"https:\/\/mediarun.com\/pl\/wp-json\/wp\/v2\/comments?post=82445"}],"version-history":[{"count":0,"href":"https:\/\/mediarun.com\/pl\/wp-json\/wp\/v2\/posts\/82445\/revisions"}],"wp:featuredmedia":[{"embeddable":true,"href":"https:\/\/mediarun.com\/pl\/wp-json\/wp\/v2\/media\/82446"}],"wp:attachment":[{"href":"https:\/\/mediarun.com\/pl\/wp-json\/wp\/v2\/media?parent=82445"}],"wp:term":[{"taxonomy":"category","embeddable":true,"href":"https:\/\/mediarun.com\/pl\/wp-json\/wp\/v2\/categories?post=82445"},{"taxonomy":"post_tag","embeddable":true,"href":"https:\/\/mediarun.com\/pl\/wp-json\/wp\/v2\/tags?post=82445"}],"curies":[{"name":"wp","href":"https:\/\/api.w.org\/{rel}","templated":true}]}}