{"id":82443,"date":"2006-01-11T06:00:00","date_gmt":"2006-01-11T05:00:00","guid":{"rendered":"https:\/\/mediarun.com\/index.php\/news-posts\/kbr-po-pierwszym-spotkaniu\/"},"modified":"2006-01-11T06:00:00","modified_gmt":"2006-01-11T05:00:00","slug":"kbr-po-pierwszym-spotkaniu","status":"publish","type":"post","link":"https:\/\/mediarun.com\/pl\/media\/radio\/kbr-po-pierwszym-spotkaniu.html","title":{"rendered":"KBR: po pierwszym spotkaniu"},"content":{"rendered":"<p><P>G\u0142\u00f3wnym punktem spotkania by\u0142o przyj\u0119cie danych z ostatniej fali badania RadioTrack instytutu MillwardBrown SMG\/KRC. &#8211; Po dok\u0142adnym przestudiowaniu danych zawartych w Raporcie Technicznym, przedstawiciele Komitetu Bada\u0144 Radiowych nie zg\u0142osili \u017cadnych uwag do realizacji badania, tym samym dane z grudnia 2005 zosta\u0142y uznane za obowi\u0105zuj\u0105ce &#8211; napisano w komunikacie przes\u0142anym do medi\u00f3w.<\/P><br \/>\n<P>Na stronie <A href=\"http:\/\/www.radiotrack.pl\">www.radiotrack.pl<\/A> znajduje si\u0119 por\u00f3wnanie danych z dw\u00f3ch ostatnich lat&nbsp;&#8211; 2004\/2005. W zestawieniach prezentowane s\u0105 wyniki s\u0142uchalno\u015bci stacji radiowych&nbsp;&#8211; klient\u00f3w badania Radio Track.<\/P><br \/>\n<P>Komitet Bada\u0144 Radiowych nakre\u015bli\u0142 plan prac na bie\u017c\u0105cy rok. Planowane dzia\u0142ania b\u0119d\u0105 mia\u0142y na celu skupienie wok\u00f3\u0142 tematu bada\u0144 jak najwi\u0119kszej liczby stacji radiowych. <\/P><br \/>\n<P>Komitet Bada\u0144 Radiowych czeka decyzja zwi\u0105zana z realizacj\u0105 badania po roku 2006. Po przegl\u0105dzie propozycji instytut\u00f3w badawczych, Komitet Bada\u0144 Radiowych rozwa\u017cy mo\u017cliwo\u015b\u0107 zmiany metodologii badania s\u0142uchalno\u015bci. W bie\u017c\u0105cym roku b\u0119dzie rozstrzygany konkurs ofert na realizacj\u0119 badania w kolejnych latach.<\/P><\/p>\n","protected":false},"excerpt":{"rendered":"9 stycznia br. w Krakowie odby\u0142o si\u0119 spotkanie Komitetu Bada\u0144 Radiowych. Gospodarzem spotkania by\u0142o radio RMF FM.","protected":false},"author":1,"featured_media":82444,"comment_status":"open","ping_status":"closed","sticky":false,"template":"","format":"standard","meta":{"csco_display_header_overlay":false,"csco_singular_sidebar":"","csco_page_header_type":"","csco_page_load_nextpost":"","csco_post_video_location":[],"csco_post_video_location_hash":"","csco_post_video_url":"","csco_post_video_bg_start_time":0,"csco_post_video_bg_end_time":0,"footnotes":""},"categories":[9672],"tags":[],"class_list":{"0":"post-82443","1":"post","2":"type-post","3":"status-publish","4":"format-standard","5":"has-post-thumbnail","7":"category-radio","8":"cs-entry","9":"cs-video-wrap"},"_links":{"self":[{"href":"https:\/\/mediarun.com\/pl\/wp-json\/wp\/v2\/posts\/82443","targetHints":{"allow":["GET"]}}],"collection":[{"href":"https:\/\/mediarun.com\/pl\/wp-json\/wp\/v2\/posts"}],"about":[{"href":"https:\/\/mediarun.com\/pl\/wp-json\/wp\/v2\/types\/post"}],"author":[{"embeddable":true,"href":"https:\/\/mediarun.com\/pl\/wp-json\/wp\/v2\/users\/1"}],"replies":[{"embeddable":true,"href":"https:\/\/mediarun.com\/pl\/wp-json\/wp\/v2\/comments?post=82443"}],"version-history":[{"count":0,"href":"https:\/\/mediarun.com\/pl\/wp-json\/wp\/v2\/posts\/82443\/revisions"}],"wp:featuredmedia":[{"embeddable":true,"href":"https:\/\/mediarun.com\/pl\/wp-json\/wp\/v2\/media\/82444"}],"wp:attachment":[{"href":"https:\/\/mediarun.com\/pl\/wp-json\/wp\/v2\/media?parent=82443"}],"wp:term":[{"taxonomy":"category","embeddable":true,"href":"https:\/\/mediarun.com\/pl\/wp-json\/wp\/v2\/categories?post=82443"},{"taxonomy":"post_tag","embeddable":true,"href":"https:\/\/mediarun.com\/pl\/wp-json\/wp\/v2\/tags?post=82443"}],"curies":[{"name":"wp","href":"https:\/\/api.w.org\/{rel}","templated":true}]}}