{"id":82416,"date":"2006-01-11T06:00:00","date_gmt":"2006-01-11T05:00:00","guid":{"rendered":"https:\/\/mediarun.com\/index.php\/news-posts\/zmiany-kadrowe-w-metrze\/"},"modified":"2006-01-11T06:00:00","modified_gmt":"2006-01-11T05:00:00","slug":"zmiany-kadrowe-w-metrze","status":"publish","type":"post","link":"https:\/\/mediarun.com\/pl\/ludzie\/awanse\/zmiany-kadrowe-w-metrze.html","title":{"rendered":"Zmiany kadrowe w Metrze"},"content":{"rendered":"<p><P>Krzysztof Olszewski od 1998 r. pracowa\u0142 w Gazecie Wyborczej w Olsztynie, gdzie by\u0142 w gronie nominowanych do konkursu dla wybitnych dziennikarzy. Z Metrem jest zwi\u0105zany od 2 lat. Reporter, lider dzia\u0142u &#8222;Wydarzenia&#8221;.&nbsp; <\/P><br \/>\n<P>Jest absolwentem polonistyki na Uniwersytecie Warmi\u0144sko-Mazurskim w Olsztynie.<\/P><\/p>\n","protected":false},"excerpt":{"rendered":"Krzysztof Olszewski obj\u0105\u0142 na pocz\u0105tku stycznia stanowisko zast\u0119pcy redaktor naczelnej Metra.","protected":false},"author":1,"featured_media":82417,"comment_status":"open","ping_status":"closed","sticky":false,"template":"","format":"standard","meta":{"csco_display_header_overlay":false,"csco_singular_sidebar":"","csco_page_header_type":"","csco_page_load_nextpost":"","csco_post_video_location":[],"csco_post_video_location_hash":"","csco_post_video_url":"","csco_post_video_bg_start_time":0,"csco_post_video_bg_end_time":0,"footnotes":""},"categories":[9678],"tags":[],"class_list":{"0":"post-82416","1":"post","2":"type-post","3":"status-publish","4":"format-standard","5":"has-post-thumbnail","7":"category-awanse","8":"cs-entry","9":"cs-video-wrap"},"_links":{"self":[{"href":"https:\/\/mediarun.com\/pl\/wp-json\/wp\/v2\/posts\/82416","targetHints":{"allow":["GET"]}}],"collection":[{"href":"https:\/\/mediarun.com\/pl\/wp-json\/wp\/v2\/posts"}],"about":[{"href":"https:\/\/mediarun.com\/pl\/wp-json\/wp\/v2\/types\/post"}],"author":[{"embeddable":true,"href":"https:\/\/mediarun.com\/pl\/wp-json\/wp\/v2\/users\/1"}],"replies":[{"embeddable":true,"href":"https:\/\/mediarun.com\/pl\/wp-json\/wp\/v2\/comments?post=82416"}],"version-history":[{"count":0,"href":"https:\/\/mediarun.com\/pl\/wp-json\/wp\/v2\/posts\/82416\/revisions"}],"wp:featuredmedia":[{"embeddable":true,"href":"https:\/\/mediarun.com\/pl\/wp-json\/wp\/v2\/media\/82417"}],"wp:attachment":[{"href":"https:\/\/mediarun.com\/pl\/wp-json\/wp\/v2\/media?parent=82416"}],"wp:term":[{"taxonomy":"category","embeddable":true,"href":"https:\/\/mediarun.com\/pl\/wp-json\/wp\/v2\/categories?post=82416"},{"taxonomy":"post_tag","embeddable":true,"href":"https:\/\/mediarun.com\/pl\/wp-json\/wp\/v2\/tags?post=82416"}],"curies":[{"name":"wp","href":"https:\/\/api.w.org\/{rel}","templated":true}]}}