{"id":82391,"date":"2006-01-12T02:16:10","date_gmt":"2006-01-12T01:16:10","guid":{"rendered":"https:\/\/mediarun.com\/index.php\/news-posts\/nowy-cykl-dokumentalny-tvp1\/"},"modified":"2006-01-12T02:16:10","modified_gmt":"2006-01-12T01:16:10","slug":"nowy-cykl-dokumentalny-tvp1","status":"publish","type":"post","link":"https:\/\/mediarun.com\/pl\/media\/tv\/nowy-cykl-dokumentalny-tvp1.html","title":{"rendered":"Nowy cykl dokumentalny TVP1"},"content":{"rendered":"<p>Film opowiada histori\u0119 Wilhelma Brasse  przedwojennego fotografa-portrecisty &#8211; uczestnika i \u015bwiadka najtragiczniejszych rozdzia\u0142\u00f3w historii XX wieku. &#8222;PORTRECISTA&#8221; to historia fotografa, kt\u00f3rego praca sta\u0142a si\u0119 w okresie wojny przekle\u0144stwem i wybawieniem jednocze\u015bnie. <\/p>\n<p>Wilhelm Brasse by\u0142 wnukiem austriackich kolonist\u00f3w. Fotografia by\u0142a jego \u017cyciow\u0105 pasj\u0105, a jej tajniki &#8211; techniczne i artystyczne &#8211; pozna\u0142 ju\u017c przed wojn\u0105. Pracowa\u0142 w du\u017cym atelier przy g\u0142\u00f3wnej ulicy Katowic, gdzie s\u0142yn\u0105\u0142 z pi\u0119knych portret\u00f3w. Wtedy nawet nie przypuszcza\u0142, \u017ce niebawem b\u0119dzie robi\u0142 po kilka tysi\u0119cy portret\u00f3w miesi\u0119cznie. <\/p>\n<p> Brasse trafi\u0142 do Auschwitz za odmow\u0119 podpisania Reischlisty. Przyjecha\u0142 tam w jednym z pierwszych transport\u00f3w. Trafi\u0142 do specjalnego komando rozpoznawczego Wydzia\u0142u Politycznego &#8211; zwanego obozowym Gestapo. Tu pod okiem SS prowadzi\u0142 fotograficzn\u0105 dokumentacj\u0119 obozu od jego powstania do ewakuacji. Fotografowa\u0142 to co mu kazano: prac\u0119 wi\u0119\u017ani\u00f3w, prywatne spotkania oficer\u00f3w SS z ich rodzinami, do\u015bwiadczenia medyczne i przede wszystkim policyjne portrety  wi\u0119\u017ani\u00f3w do kartotek. <\/p>\n<p>Wilhelm Brasse jest autorem wielu zdj\u0119\u0107 znanych z podr\u0119cznik\u00f3w historii na ca\u0142ym \u015bwiecie.<\/p>\n<p>W filmie bohater opowiada o kilku, wybranych zdj\u0119ciach i opisuje zwi\u0105zane z nimi historie.  M\u00f3wi o oprawcach, kt\u00f3rzy ws\u0142awili si\u0119 bestialstwem i o zwyk\u0142ych ludziach, z kt\u00f3rymi zetkn\u0105\u0142 si\u0119 w pracowni fotograficznej w ich drodze do \u015bmierci.  <\/p>\n<p>M\u0142ody Brasse &#8211; utalentowany  fotograf &#8211; nie przypuszcza\u0142 przed wojn\u0105, by cokolwiek mog\u0142o przerwa\u0107 jego pasj\u0119. Do\u015bwiadczenia obozowe wyry\u0142y jednak w jego pami\u0119ci obrazy, kt\u00f3rych nigdy potem nie potrafi\u0142 zapomnie\u0107. Najbardziej pami\u0119ta oczy. Setki tysi\u0119cy oczu wyra\u017caj\u0105cych niewiar\u0119 w to czego s\u0105 \u015bwiadkami, strach, przera\u017cenie i beznadziej\u0119. Do dzi\u015b widzi je wsz\u0119dzie, nawet we \u015bnie. Nigdy po wojnie nie by\u0142 w stanie wzi\u0105\u0107 aparatu do r\u0119ki. <\/p>\n<p>W warstwie formalnej na film sk\u0142adaj\u0105 si\u0119 sekwencje wypowiedzi bohatera, uzupe\u0142nione materia\u0142ami ikonograficznymi i archiwalnymi. <\/p>\n<p>Sekwencje fotografii archiwalnych pokazane s\u0105 przy wykorzystaniu najnowszych technik animacji komputerowej.<\/p>\n<p>Autorem zdj\u0119\u0107 do filmu jest Jacek Taszakowski.<\/p>\n<p>Widzie\u0107 i wiedzie\u0107 &#8211; &#8222;Portrecista&#8221;, scenariusz i re\u017cyseria: Irek Dobrowolski , emisja w TVP1, 24 stycznia godz. 22.55<\/p>\n","protected":false},"excerpt":{"rendered":"W cyklu dokumentalnym &#8222;Widzie\u0107 i wiedzie\u0107&#8221; 24 stycznia br. o godz. 22.55,  telewizyjna Jedynka poka\u017ce dokument  Irka Dobrowolskiego pt. &#8222;Portrecista&#8221;, b\u0119d\u0105cy histori\u0105 fotografa &#8211; Wilhelma Grassa, kt\u00f3ry w czasie wojny prowadzi\u0142 fotograficzn\u0105 dokumentacj\u0119 obozu w Auschwitz, od jego powstania a\u017c po sam kres&#8230;","protected":false},"author":1,"featured_media":82392,"comment_status":"open","ping_status":"closed","sticky":false,"template":"","format":"standard","meta":{"csco_display_header_overlay":false,"csco_singular_sidebar":"","csco_page_header_type":"","csco_page_load_nextpost":"","csco_post_video_location":[],"csco_post_video_location_hash":"","csco_post_video_url":"","csco_post_video_bg_start_time":0,"csco_post_video_bg_end_time":0,"footnotes":""},"categories":[9670],"tags":[],"class_list":{"0":"post-82391","1":"post","2":"type-post","3":"status-publish","4":"format-standard","5":"has-post-thumbnail","7":"category-tv","8":"cs-entry","9":"cs-video-wrap"},"_links":{"self":[{"href":"https:\/\/mediarun.com\/pl\/wp-json\/wp\/v2\/posts\/82391","targetHints":{"allow":["GET"]}}],"collection":[{"href":"https:\/\/mediarun.com\/pl\/wp-json\/wp\/v2\/posts"}],"about":[{"href":"https:\/\/mediarun.com\/pl\/wp-json\/wp\/v2\/types\/post"}],"author":[{"embeddable":true,"href":"https:\/\/mediarun.com\/pl\/wp-json\/wp\/v2\/users\/1"}],"replies":[{"embeddable":true,"href":"https:\/\/mediarun.com\/pl\/wp-json\/wp\/v2\/comments?post=82391"}],"version-history":[{"count":0,"href":"https:\/\/mediarun.com\/pl\/wp-json\/wp\/v2\/posts\/82391\/revisions"}],"wp:featuredmedia":[{"embeddable":true,"href":"https:\/\/mediarun.com\/pl\/wp-json\/wp\/v2\/media\/82392"}],"wp:attachment":[{"href":"https:\/\/mediarun.com\/pl\/wp-json\/wp\/v2\/media?parent=82391"}],"wp:term":[{"taxonomy":"category","embeddable":true,"href":"https:\/\/mediarun.com\/pl\/wp-json\/wp\/v2\/categories?post=82391"},{"taxonomy":"post_tag","embeddable":true,"href":"https:\/\/mediarun.com\/pl\/wp-json\/wp\/v2\/tags?post=82391"}],"curies":[{"name":"wp","href":"https:\/\/api.w.org\/{rel}","templated":true}]}}