{"id":82389,"date":"2006-01-12T02:20:37","date_gmt":"2006-01-12T01:20:37","guid":{"rendered":"https:\/\/mediarun.com\/index.php\/news-posts\/nowa-lista-przebojow-jedynki\/"},"modified":"2006-01-12T02:20:37","modified_gmt":"2006-01-12T01:20:37","slug":"nowa-lista-przebojow-jedynki","status":"publish","type":"post","link":"https:\/\/mediarun.com\/pl\/media\/tv\/nowa-lista-przebojow-jedynki.html","title":{"rendered":"Nowa lista przeboj\u00f3w Jedynki"},"content":{"rendered":"<p>W pierwszym programie, 28 stycznia, Sebastianowi Mi\u0142kowskiemu towarzyszy\u0107 b\u0119dzie Justyna Steczkowska.<br \/>\n&#8222;Czarna owca&#8221; b\u0119dzie magazynem po\u015bwi\u0119conym muzyce popularnej, skonstruowanym w spos\u00f3b prosty, czytelny i przejrzysty, skierowany przede wszystkim do masowego odbiorcy, ale r\u00f3wnie\u017c do widza bardziej wymagaj\u0105cego.<\/p>\n<p>Magazyn b\u0119dzie mia\u0142 charakter informacyjny, jednocze\u015bnie b\u0119dzie miejscem promowania wydarze\u0144 muzycznych obj\u0119tych patronatem Programu 1, oraz produkowanych lub wsp\u00f3\u0142 produkowanych przez TVP.<\/p>\n<p>B\u0119dzie miejscem obiektywnych recenzji wydawnictw muzycznych i koncert\u00f3w przedstawianych przez grono opiniotw\u00f3rczych recenzent\u00f3w i krytyk\u00f3w rynku muzycznego.<\/p>\n<p>Magazyn b\u0119dzie r\u00f3wnie\u017c zawiera\u0142:<\/p>\n<p>&#8211; wywiady z artystami polskimi i zagranicznymi promuj\u0105cymi swoje najnowsze wydawnictwa, trasy koncertowe, szczeg\u00f3lne koncerty, czy wyj\u0105tkowe wydarzenia artystyczne,<\/p>\n<p>&#8211; reporta\u017ce\/felietony z ciekawych wydarze\u0144 muzycznych, koncert\u00f3w i festiwali ciesz\u0105cych si\u0119 popularno\u015bci\u0105 widowni polskiej i zagranicznej,<\/p>\n<p>&#8211; relacje z plan\u00f3w zdj\u0119ciowych teledysk\u00f3w, pr\u00f3b do szczeg\u00f3lnie wa\u017cnych artystycznych wydarze\u0144 i film\u00f3w muzycznych z udzia\u0142em niekwestionowanych gwiazdy muzyki rozrywkowej,<\/p>\n<p>W &#8222;Czarnej owcy&#8221; b\u0119dziemy prezentowa\u0107 teledyski polskich i zagranicznych wykonawc\u00f3w, b\u0119dziemy pokazywa\u0107 gwiazdy prywatnie i w nietypowych dla nich sytuacjach.<\/p>\n<p>Chcemy przypomina\u0107 o najwa\u017cniejszych rocznicach zwi\u0105zanych z muzyk\u0105 pop w nadchodz\u0105cym tygodniu (prezentacja tak\u017ce starszych nagra\u0144 na sta\u0142e obecnych w og\u00f3lno\u015bwiatowej encyklopedii muzyki rozrywkowej),<\/p>\n<p>B\u0119dziemy informowa\u0107 o najlepiej sprzedaj\u0105cych si\u0119 polskich i zagranicznych p\u0142ytach w Polsce na podstawie notowania ZPAV. <\/p>\n<p>O wydarzeniach muzycznych, b\u0119d\u0105cych poza kr\u0119giem zainteresowa\u0144 gospodarza\/gospodyni programu, b\u0119d\u0105 rozmawiali go\u015bcie audycji &#8211; znani dziennikarze muzyczni specjalizuj\u0105cy si\u0119 w poszczeg\u00f3lnych kategoriach muzyki, kreatorzy zdarze\u0144 z r\u00f3\u017cnych \u015brodowisk tw\u00f3rczych, animatorzy podobnych do omawianych dzia\u0142a\u0144 artystycznych i sami tw\u00f3rcy. <\/p>\n<p> Pierwszy odcinek, 28 stycznia, w du\u017cej mierze po\u015bwi\u0119cony b\u0119dzie krajowemu fina\u0142owi Konkursu Eurowizji 2006.<\/p>\n","protected":false},"excerpt":{"rendered":"28 stycznia br. (sobota) o godz. 11.05, rusza nowy program muzyczny Jedynki pt. &#8222;Czarna owca&#8221; &#8211;  magazyn muzyczny\/lista przeboj\u00f3w&#8221;(emisja w ka\u017cd\u0105 sobot\u0119 ok. godz. 11.00). Gospodarzami programu b\u0119d\u0105: Sebastian Mi\u0142kowski oraz polskie gwiazdy sceny muzycznej &#8211; w ka\u017cdym programie inna.","protected":false},"author":1,"featured_media":82390,"comment_status":"open","ping_status":"closed","sticky":false,"template":"","format":"standard","meta":{"csco_display_header_overlay":false,"csco_singular_sidebar":"","csco_page_header_type":"","csco_page_load_nextpost":"","csco_post_video_location":[],"csco_post_video_location_hash":"","csco_post_video_url":"","csco_post_video_bg_start_time":0,"csco_post_video_bg_end_time":0,"footnotes":""},"categories":[9670],"tags":[],"class_list":{"0":"post-82389","1":"post","2":"type-post","3":"status-publish","4":"format-standard","5":"has-post-thumbnail","7":"category-tv","8":"cs-entry","9":"cs-video-wrap"},"_links":{"self":[{"href":"https:\/\/mediarun.com\/pl\/wp-json\/wp\/v2\/posts\/82389","targetHints":{"allow":["GET"]}}],"collection":[{"href":"https:\/\/mediarun.com\/pl\/wp-json\/wp\/v2\/posts"}],"about":[{"href":"https:\/\/mediarun.com\/pl\/wp-json\/wp\/v2\/types\/post"}],"author":[{"embeddable":true,"href":"https:\/\/mediarun.com\/pl\/wp-json\/wp\/v2\/users\/1"}],"replies":[{"embeddable":true,"href":"https:\/\/mediarun.com\/pl\/wp-json\/wp\/v2\/comments?post=82389"}],"version-history":[{"count":0,"href":"https:\/\/mediarun.com\/pl\/wp-json\/wp\/v2\/posts\/82389\/revisions"}],"wp:featuredmedia":[{"embeddable":true,"href":"https:\/\/mediarun.com\/pl\/wp-json\/wp\/v2\/media\/82390"}],"wp:attachment":[{"href":"https:\/\/mediarun.com\/pl\/wp-json\/wp\/v2\/media?parent=82389"}],"wp:term":[{"taxonomy":"category","embeddable":true,"href":"https:\/\/mediarun.com\/pl\/wp-json\/wp\/v2\/categories?post=82389"},{"taxonomy":"post_tag","embeddable":true,"href":"https:\/\/mediarun.com\/pl\/wp-json\/wp\/v2\/tags?post=82389"}],"curies":[{"name":"wp","href":"https:\/\/api.w.org\/{rel}","templated":true}]}}