{"id":82386,"date":"2006-01-12T02:25:26","date_gmt":"2006-01-12T01:25:26","guid":{"rendered":"https:\/\/mediarun.com\/index.php\/news-posts\/30-minut-dla-polskiego-filmu\/"},"modified":"2006-01-12T02:25:26","modified_gmt":"2006-01-12T01:25:26","slug":"30-minut-dla-polskiego-filmu","status":"publish","type":"post","link":"https:\/\/mediarun.com\/pl\/media\/tv\/30-minut-dla-polskiego-filmu.html","title":{"rendered":"&#8222;30 minut&#8221; dla polskiego filmu"},"content":{"rendered":"<p>&#8222;30 minut&#8221; to wsp\u00f3lna inicjatywa TVP Kultura, Stowarzyszenia Filmowc\u00f3w Polskich, Mistrzowskiej Szko\u0142y Re\u017cyserii Filmowej Andrzeja Wajdy i Ministerstwa Nauki i Dziedzictwa Narodowego \/ Polskiego Instytutu Sztuki Filmowej. <\/p>\n<p>Projekt zak\u0142ada, \u017ce ka\u017cdy z debiutuj\u0105cych re\u017cyser\u00f3w otrzyma bud\u017cet w wysoko\u015bci 100 tys. z\u0142otych na swoj\u0105 produkcj\u0119 a tak\u017ce opiek\u0119 produkcyjn\u0105 i artystyczn\u0105. Tw\u00f3rcy projektu zapewniaj\u0105 te\u017c profesjonalny sprz\u0119t oraz dystrybucj\u0119 film\u00f3w. Ich premiera telewizyjna odb\u0119dzie si\u0119 na antenie TVP Kultura. <\/p>\n<p>Pracami kieruje Rada Artystyczna, w sk\u0142ad kt\u00f3rej wchodz\u0105: Jacek Bromski &#8211; Stowarzyszenie Filmowc\u00f3w Polskich, Jerzy Kapu\u015bci\u0144ski &#8211; TVP Kultura, Wojciech Marczewski -Mistrzowska Szko\u0142a Re\u017cyserii Andrzeja Wajdy, Robert Gli\u0144ski &#8211; PWSFTviT, Studio Indeks, Filip Bajon &#8211; WRiTv Uniwersytetu \u015al\u0105skiego w Katowicach, oraz przedstawiciel z ramienia PISF. <\/p>\n<p>Pierwsze pi\u0119\u0107 fim\u00f3w jest ju\u017c w produkcji! Aktualnie trwaj\u0105 zdj\u0119cia do: &#8222;Fabryki&#8221; Oli Takuskiej i Macieja Adamka, &#8222;Podr\u00f3\u017cy&#8221; Dariusza Glazera, &#8222;Drogi wewn\u0119trznej&#8221; Doroty Lamparskiej, &#8222;Kilku fotografii z jednego tygodnia&#8221; Marcina Pieczonki, &#8222;W krainie jaskrawych zabawek&#8221; Mateusza Dymka. <\/p>\n<p>Premiera film\u00f3w zrealizowanych w ramach projektu &#8222;30 minut&#8221; odb\u0119dzie si\u0119 podczas 46. Krakowskiego Festiwalu Filmowego.<\/p>\n","protected":false},"excerpt":{"rendered":"TVP Kultura jest wsp\u00f3\u0142inicjatorem projektu &#8222;30 minut&#8221;, kt\u00f3rego celem jest umo\u017cliwienie m\u0142odym filmowcom debiutu fabularnego.","protected":false},"author":1,"featured_media":82387,"comment_status":"open","ping_status":"closed","sticky":false,"template":"","format":"standard","meta":{"csco_display_header_overlay":false,"csco_singular_sidebar":"","csco_page_header_type":"","csco_page_load_nextpost":"","csco_post_video_location":[],"csco_post_video_location_hash":"","csco_post_video_url":"","csco_post_video_bg_start_time":0,"csco_post_video_bg_end_time":0,"footnotes":""},"categories":[9670],"tags":[],"class_list":{"0":"post-82386","1":"post","2":"type-post","3":"status-publish","4":"format-standard","5":"has-post-thumbnail","7":"category-tv","8":"cs-entry","9":"cs-video-wrap"},"_links":{"self":[{"href":"https:\/\/mediarun.com\/pl\/wp-json\/wp\/v2\/posts\/82386","targetHints":{"allow":["GET"]}}],"collection":[{"href":"https:\/\/mediarun.com\/pl\/wp-json\/wp\/v2\/posts"}],"about":[{"href":"https:\/\/mediarun.com\/pl\/wp-json\/wp\/v2\/types\/post"}],"author":[{"embeddable":true,"href":"https:\/\/mediarun.com\/pl\/wp-json\/wp\/v2\/users\/1"}],"replies":[{"embeddable":true,"href":"https:\/\/mediarun.com\/pl\/wp-json\/wp\/v2\/comments?post=82386"}],"version-history":[{"count":0,"href":"https:\/\/mediarun.com\/pl\/wp-json\/wp\/v2\/posts\/82386\/revisions"}],"wp:featuredmedia":[{"embeddable":true,"href":"https:\/\/mediarun.com\/pl\/wp-json\/wp\/v2\/media\/82387"}],"wp:attachment":[{"href":"https:\/\/mediarun.com\/pl\/wp-json\/wp\/v2\/media?parent=82386"}],"wp:term":[{"taxonomy":"category","embeddable":true,"href":"https:\/\/mediarun.com\/pl\/wp-json\/wp\/v2\/categories?post=82386"},{"taxonomy":"post_tag","embeddable":true,"href":"https:\/\/mediarun.com\/pl\/wp-json\/wp\/v2\/tags?post=82386"}],"curies":[{"name":"wp","href":"https:\/\/api.w.org\/{rel}","templated":true}]}}