{"id":82381,"date":"2006-01-12T02:35:52","date_gmt":"2006-01-12T01:35:52","guid":{"rendered":"https:\/\/mediarun.com\/index.php\/news-posts\/trwam-niezgodna-z-prawem\/"},"modified":"2006-01-12T02:35:52","modified_gmt":"2006-01-12T01:35:52","slug":"trwam-niezgodna-z-prawem","status":"publish","type":"post","link":"https:\/\/mediarun.com\/pl\/media\/tv\/trwam-niezgodna-z-prawem.html","title":{"rendered":"Trwam niezgodna z prawem"},"content":{"rendered":"<p> &#8211; Nie ma takiej zgody &#8211; dowiedzia\u0142a si\u0119 &#8222;Gazeta Wyborcza&#8221; w biurze prasowym Episkopatu.<\/p>\n<p>&#8211; Trwam jest w\u0142asno\u015bci\u0105 wroc\u0142awskiej fundacji Lux Veritatis. Utworzyli j\u0105 w 1998 roku: Tadeusz Rydzyk, Stanis\u0142aw Kwiatkowski i Jan Kr\u00f3l. Wszyscy s\u0105 duchownymi z zakonu redemptoryst\u00f3w z Torunia. Ka\u017cdy wp\u0142aci\u0142 pieni\u0105dze Tadeusz Rydzyk 6 tys. z\u0142, pozostali po 2 tys. Najwa\u017cniejsz\u0105 osob\u0105 w Lux Veritatis jest Tadeusz Rydzyk, jej prezes i do\u017cywotni przewodnicz\u0105cy Rady Fundacji. Tylko on powo\u0142uje (na dowolny czas) i odwo\u0142uje cz\u0142onk\u00f3w Rady. &#8211; czytamy w &#8222;Gazecie Wyborczej&#8221;<\/p>\n<p>&#8211; Z dokument\u00f3w fundacji &#8211; aktu notarialnego i statutu nie wynika, \u017ce wszyscy trzej s\u0105 duchownymi. A jest to istotne z punktu widzenia prawa ko\u015bcielnego. Opublikowany w poniedzia\u0142ek komunikat nuncjatury apostolskiej m\u00f3wi, \u017ce dzia\u0142ania anga\u017cuj\u0105ce autorytet Ko\u015bcio\u0142a podejmowane przez duchownych &#8222;osobi\u015bcie lub przez inne osoby lub instytucje np. fundacje&#8221; wymagaj\u0105 pisemnej zgody ko\u015bcielnej w\u0142adzy. &#8211; pisze &#8222;GW&#8221;<\/p>\n","protected":false},"excerpt":{"rendered":"Jak informuje &#8222;Gazeta Wyborcza&#8221; Telewizja Trwam ojca Tadeusza Rydzyka dzia\u0142a niezgodnie z ko\u015bcielnym prawem i jej za\u0142o\u017cycieli mog\u0105 zosta\u0107 ukarani &#8211; wynika z poniedzia\u0142kowego komunikatu nuncjatury apostolskiej w Polsce. Na utworzenie tej stacji ojciec dyrektor Radia Maryja powinien dosta\u0107 zgod\u0119 od w\u0142adz ko\u015bcio\u0142a.","protected":false},"author":1,"featured_media":82382,"comment_status":"open","ping_status":"closed","sticky":false,"template":"","format":"standard","meta":{"csco_display_header_overlay":false,"csco_singular_sidebar":"","csco_page_header_type":"","csco_page_load_nextpost":"","csco_post_video_location":[],"csco_post_video_location_hash":"","csco_post_video_url":"","csco_post_video_bg_start_time":0,"csco_post_video_bg_end_time":0,"footnotes":""},"categories":[9670],"tags":[],"class_list":{"0":"post-82381","1":"post","2":"type-post","3":"status-publish","4":"format-standard","5":"has-post-thumbnail","7":"category-tv","8":"cs-entry","9":"cs-video-wrap"},"_links":{"self":[{"href":"https:\/\/mediarun.com\/pl\/wp-json\/wp\/v2\/posts\/82381","targetHints":{"allow":["GET"]}}],"collection":[{"href":"https:\/\/mediarun.com\/pl\/wp-json\/wp\/v2\/posts"}],"about":[{"href":"https:\/\/mediarun.com\/pl\/wp-json\/wp\/v2\/types\/post"}],"author":[{"embeddable":true,"href":"https:\/\/mediarun.com\/pl\/wp-json\/wp\/v2\/users\/1"}],"replies":[{"embeddable":true,"href":"https:\/\/mediarun.com\/pl\/wp-json\/wp\/v2\/comments?post=82381"}],"version-history":[{"count":0,"href":"https:\/\/mediarun.com\/pl\/wp-json\/wp\/v2\/posts\/82381\/revisions"}],"wp:featuredmedia":[{"embeddable":true,"href":"https:\/\/mediarun.com\/pl\/wp-json\/wp\/v2\/media\/82382"}],"wp:attachment":[{"href":"https:\/\/mediarun.com\/pl\/wp-json\/wp\/v2\/media?parent=82381"}],"wp:term":[{"taxonomy":"category","embeddable":true,"href":"https:\/\/mediarun.com\/pl\/wp-json\/wp\/v2\/categories?post=82381"},{"taxonomy":"post_tag","embeddable":true,"href":"https:\/\/mediarun.com\/pl\/wp-json\/wp\/v2\/tags?post=82381"}],"curies":[{"name":"wp","href":"https:\/\/api.w.org\/{rel}","templated":true}]}}