{"id":82341,"date":"2006-01-12T17:26:48","date_gmt":"2006-01-12T16:26:48","guid":{"rendered":"https:\/\/mediarun.com\/index.php\/news-posts\/zmiany-w-tok-fm-3\/"},"modified":"2006-01-12T17:26:48","modified_gmt":"2006-01-12T16:26:48","slug":"zmiany-w-tok-fm-3","status":"publish","type":"post","link":"https:\/\/mediarun.com\/pl\/media\/radio\/zmiany-w-tok-fm-3.html","title":{"rendered":"Zmiany w Tok FM"},"content":{"rendered":"<p>Marek Tejchman \u0142\u0105czy dwie funkcje &#8211; szefa redakcji gospodarczej i zast\u0119pcy redaktora naczelnego Tok FM. &#8211; Marek od samego pocz\u0105tku w\u0142\u0105czy\u0142 si\u0119 w \u017cycie tego radia o wiele g\u0142\u0119biej ni\u017c wynika\u0142o to z jego obowi\u0105zk\u00f3w &#8211; t\u0142umaczy nam Ewa Wanat, redaktor naczelna stacji. &#8211; Opr\u00f3cz zorganizowania redakcji gospodarczej, wyszkolenia i zarz\u0105dzania w\u0142asnym kilkuosobowym zespo\u0142em, stworzenia autorskiej, sp\u00f3jnej oferty program\u00f3w gospodarczych na naszej antenie, wsp\u00f3\u0142tworzy te\u017c i prowadzi inne programy &#8211; &#8222;Komentarze&#8221; i &#8222;Popo\u0142udnie&#8221; &#8211; dodaje. Do zada\u0144 Tejchmana nale\u017cy wsp\u00f3\u0142praca z redaktor naczeln\u0105 Tok FM przy opracowywaniu ram\u00f3wki, zmian oraz nowych projekt\u00f3w. <\/p>\n<p>Joanna Segiet &#8211; Makowska od dw\u00f3ch lat jest szefem newsroomu obs\u0142uguj\u0105cego ca\u0142\u0105 Grup\u0119 Radiow\u0105 Agory.<\/p>\n","protected":false},"excerpt":{"rendered":"Joanna Segiet &#8211; Makowska przesta\u0142a pe\u0142ni\u0107 funkcj\u0119 zast\u0119pcy redaktora naczelnego Radia Tok FM. Dziennikark\u0119 na tym stanowisku zast\u0105pi\u0142 Marek Tejchman, szef redakcji gospodarczej rozg\u0142o\u015bni.","protected":false},"author":1,"featured_media":82342,"comment_status":"open","ping_status":"closed","sticky":false,"template":"","format":"standard","meta":{"csco_display_header_overlay":false,"csco_singular_sidebar":"","csco_page_header_type":"","csco_page_load_nextpost":"","csco_post_video_location":[],"csco_post_video_location_hash":"","csco_post_video_url":"","csco_post_video_bg_start_time":0,"csco_post_video_bg_end_time":0,"footnotes":""},"categories":[9672],"tags":[],"class_list":{"0":"post-82341","1":"post","2":"type-post","3":"status-publish","4":"format-standard","5":"has-post-thumbnail","7":"category-radio","8":"cs-entry","9":"cs-video-wrap"},"_links":{"self":[{"href":"https:\/\/mediarun.com\/pl\/wp-json\/wp\/v2\/posts\/82341","targetHints":{"allow":["GET"]}}],"collection":[{"href":"https:\/\/mediarun.com\/pl\/wp-json\/wp\/v2\/posts"}],"about":[{"href":"https:\/\/mediarun.com\/pl\/wp-json\/wp\/v2\/types\/post"}],"author":[{"embeddable":true,"href":"https:\/\/mediarun.com\/pl\/wp-json\/wp\/v2\/users\/1"}],"replies":[{"embeddable":true,"href":"https:\/\/mediarun.com\/pl\/wp-json\/wp\/v2\/comments?post=82341"}],"version-history":[{"count":0,"href":"https:\/\/mediarun.com\/pl\/wp-json\/wp\/v2\/posts\/82341\/revisions"}],"wp:featuredmedia":[{"embeddable":true,"href":"https:\/\/mediarun.com\/pl\/wp-json\/wp\/v2\/media\/82342"}],"wp:attachment":[{"href":"https:\/\/mediarun.com\/pl\/wp-json\/wp\/v2\/media?parent=82341"}],"wp:term":[{"taxonomy":"category","embeddable":true,"href":"https:\/\/mediarun.com\/pl\/wp-json\/wp\/v2\/categories?post=82341"},{"taxonomy":"post_tag","embeddable":true,"href":"https:\/\/mediarun.com\/pl\/wp-json\/wp\/v2\/tags?post=82341"}],"curies":[{"name":"wp","href":"https:\/\/api.w.org\/{rel}","templated":true}]}}