{"id":82321,"date":"2006-01-13T03:32:25","date_gmt":"2006-01-13T02:32:25","guid":{"rendered":"https:\/\/mediarun.com\/index.php\/news-posts\/rallyshow-coraz-blizej\/"},"modified":"2006-01-13T03:32:25","modified_gmt":"2006-01-13T02:32:25","slug":"rallyshow-coraz-blizej","status":"publish","type":"post","link":"https:\/\/mediarun.com\/pl\/wydarzenia\/rallyshow-coraz-blizej.html","title":{"rendered":"Rallyshow coraz bli\u017cej"},"content":{"rendered":"<p>Jest to kontynuacja zesz\u0142orocznej wystawy kt\u00f3ra zosta\u0142a bardzo pozytywnie przyj\u0119ta przez zwiedzaj\u0105cych i zawodnik\u00f3w. <\/p>\n<p>&#8211; W tym roku przygotowali\u015bmy nowe atrakcje dla naszych go\u015bci. Pomys\u0142\u00f3w by\u0142o tyle \u017ce tegoroczna edycja wymaga\u0142a wi\u0119kszej powierzchni hali. Rallyshow ma na celu promowa\u0107 wszystkie sporty motorowe, nale\u017cy si\u0119 spodziewa\u0107 przedstawicieli ze wszystkich dziedzin sport\u00f3w motorowych. Na targach b\u0119d\u0105 przedstawiciele rajd\u00f3w, rallycrossu, rajd\u00f3w terenowych, wy\u015bcig\u00f3w, motocrossu, quad\u00f3w i &frac14; mili. Ponadto pojawi\u0105 si\u0119 liczne firmy z akcesoriami tuningowymi i cz\u0119\u015bciami do cywilnych i sportowych. B\u0119dzie mo\u017cna zapozna\u0107 si\u0119 z bliska z najnowszymi autami rajdowymi grupy N i Super 1600, mi\u0119dzy innymi b\u0119d\u0105 to Subaru Impreza Leszka Kuzaja i Renault Clio S1600 Micha\u0142a So\u0142owowa. Mi\u0142o\u015bnicy WRC te\u017c nie b\u0119d\u0105 zawiedzeni. Te auta nadal \u015bcigaj\u0105 si\u0119 w Polsce odnosz\u0105c du\u017ce sukcesy i ciesz\u0105 oko efektown\u0105 jazd\u0105. &#8211; informuj\u0105 organizatorzy<\/p>\n<p> Rallyshow zrywa r\u00f3wnie\u017c ze statyczn\u0105 form\u0105 wystawy. Podczas tych dw\u00f3ch dni planujemy liczne pokazy jazdy dla go\u015bci w tym uroczysty start do historycznego rajdu Monte-Carlo. W tym roku barwy bia\u0142o-czerwone b\u0119d\u0105 reprezentowa\u0107: Tomasz Jask\u0142owski \/ Tomasz D\u0105browski (Fiat 125p), Wojciech Walentowicz \/ Jerzy Walentowicz (Alfa Romeo 2000 GTV), Tomasz Osterloff \/ Tyberiusz Rajs (Syrena 104). Start odb\u0119dzie si\u0119 w sobot\u0119 21 stycznia o godzinie 19.00. <\/p>\n","protected":false},"excerpt":{"rendered":"21 i 22 stycznia fani sport\u00f3w motoryzacyjnych b\u0119d\u0105 mogli odwiedzi\u0107 hal\u0119 EXPO XXI przy ulicy Pr\u0105dzy\u0144skiego w Warszawie. Automobilklub Rzemie\u015blnik w tych dniach przygotowa\u0142 wystaw\u0119 Rallyshow 2006. Wystawa kierowana jest zar\u00f3wno dla wiernych kibic\u00f3w kt\u00f3rzy obecni s\u0105 na ka\u017cdym rajdzie i wy\u015bcigu, jak r\u00f3wnie\u017c dla przeci\u0119tnego mi\u0142o\u015bnika motoryzacji.","protected":false},"author":1,"featured_media":0,"comment_status":"open","ping_status":"closed","sticky":false,"template":"","format":"standard","meta":{"csco_display_header_overlay":false,"csco_singular_sidebar":"","csco_page_header_type":"","csco_page_load_nextpost":"","csco_post_video_location":[],"csco_post_video_location_hash":"","csco_post_video_url":"","csco_post_video_bg_start_time":0,"csco_post_video_bg_end_time":0,"footnotes":""},"categories":[46],"tags":[],"class_list":{"0":"post-82321","1":"post","2":"type-post","3":"status-publish","4":"format-standard","6":"category-wydarzenia","7":"cs-entry","8":"cs-video-wrap"},"_links":{"self":[{"href":"https:\/\/mediarun.com\/pl\/wp-json\/wp\/v2\/posts\/82321","targetHints":{"allow":["GET"]}}],"collection":[{"href":"https:\/\/mediarun.com\/pl\/wp-json\/wp\/v2\/posts"}],"about":[{"href":"https:\/\/mediarun.com\/pl\/wp-json\/wp\/v2\/types\/post"}],"author":[{"embeddable":true,"href":"https:\/\/mediarun.com\/pl\/wp-json\/wp\/v2\/users\/1"}],"replies":[{"embeddable":true,"href":"https:\/\/mediarun.com\/pl\/wp-json\/wp\/v2\/comments?post=82321"}],"version-history":[{"count":0,"href":"https:\/\/mediarun.com\/pl\/wp-json\/wp\/v2\/posts\/82321\/revisions"}],"wp:attachment":[{"href":"https:\/\/mediarun.com\/pl\/wp-json\/wp\/v2\/media?parent=82321"}],"wp:term":[{"taxonomy":"category","embeddable":true,"href":"https:\/\/mediarun.com\/pl\/wp-json\/wp\/v2\/categories?post=82321"},{"taxonomy":"post_tag","embeddable":true,"href":"https:\/\/mediarun.com\/pl\/wp-json\/wp\/v2\/tags?post=82321"}],"curies":[{"name":"wp","href":"https:\/\/api.w.org\/{rel}","templated":true}]}}